{"id":164,"date":"2011-05-12T07:37:29","date_gmt":"2011-05-12T05:37:29","guid":{"rendered":"http:\/\/tuomo123.blogit.fi\/?p=164"},"modified":"2013-04-22T12:10:50","modified_gmt":"2013-04-22T10:10:50","slug":"kaiku","status":"publish","type":"post","link":"https:\/\/luopioistenkasvisto.fi\/blogi\/?p=164","title":{"rendered":"Kaiku"},"content":{"rendered":"<p style=\"text-align: center;\"><a href=\"https:\/\/luopioistenkasvisto.fi\/blogi\/wp-content\/uploads\/2011\/05\/kaiku1.jpg\"><img loading=\"lazy\" decoding=\"async\" class=\"size-medium wp-image-1533 aligncenter\" alt=\"kaiku1\" src=\"https:\/\/luopioistenkasvisto.fi\/blogi\/wp-content\/uploads\/2011\/05\/kaiku1-300x199.jpg\" width=\"300\" height=\"199\" srcset=\"https:\/\/luopioistenkasvisto.fi\/blogi\/wp-content\/uploads\/2011\/05\/kaiku1-300x199.jpg 300w, https:\/\/luopioistenkasvisto.fi\/blogi\/wp-content\/uploads\/2011\/05\/kaiku1-451x300.jpg 451w, https:\/\/luopioistenkasvisto.fi\/blogi\/wp-content\/uploads\/2011\/05\/kaiku1.jpg 1024w\" sizes=\"auto, (max-width: 300px) 100vw, 300px\" \/><\/a><\/p>\n<p style=\"text-align: center;\"><span style=\"color: #008000;\"><em>&#8217;Kev\u00e4inen mets\u00e4 on avara. Lehdett\u00f6m\u00e4t puut antavat kuulaan l\u00e4pin\u00e4kyv\u00e4n vaikutelman kuin kulkisi veden sis\u00e4ll\u00e4. \u00c4\u00e4net kantavat kev\u00e4isess\u00e4 mets\u00e4ss\u00e4 aivan eri tavalla kuin keskikes\u00e4n tukkoisessa maisemassa. Kiersin j\u00e4k\u00e4lien per\u00e4ss\u00e4 jyrkk\u00e4rinteisen Ruokovuoren rinteit\u00e4 ja t\u00f6rm\u00e4sin&#8230; niin mihin? Mik\u00e4 tuo on? Mielikuvitusta sen kohtaaminen ainakin lis\u00e4si.&#8217;<\/em><\/span><\/p>\n<p style=\"text-align: left;\">Pienen\u00e4 usein tehty kysymys kuuluu: Kuka mets\u00e4ss\u00e4 huutaa? Itsekin olen niin ihmetellyt. Tuntui j\u00e4nn\u00e4lt\u00e4 huutaa ja kuunnella vastausta. Aikuiset kertoivat Kaiusta ehk\u00e4 jopa isolla alkukirjaimella ja pieni mietti Kaiun ulkon\u00e4k\u00f6\u00e4 ja \u00e4\u00e4nen synty\u00e4. Taiteilijat ovat Kaiun ikuistaneet: s\u00e4velt\u00e4j\u00e4t s\u00e4velt\u00e4neet sen \u00e4\u00e4nen musiikkiinsa, maalarit antaneet sen hahmon kankaalle. Itselleni Kaiku oli ja on mets\u00e4n olento; samalla tavalla kuin n\u00e4kki kuuluu veteen ja hiisi vuorten synkimpiin onkaloihin, Kaiku kuuluu mets\u00e4\u00e4n ja asuu siell\u00e4, vaikka sit\u00e4 ei koskaan n\u00e4yk\u00e4\u00e4n, kuuluu vain.<\/p>\n<p style=\"text-align: left;\">Aikuisena arvoitus on ratkennut. Mutta siit\u00e4 huolimatta, kun kev\u00e4isess\u00e4 mets\u00e4ss\u00e4 kaikuu tikan p\u00e4rryytys tai oma kutsuhuuto kantautuu takaisin, ajattelee, kuka kumma siell\u00e4 huutaa. Silloin el\u00e4\u00e4 kuin lapsuuden satua uudelleen.<\/p>\n<p style=\"text-align: left;\">Siksip\u00e4 kohdatessani koivun kyljen rosoisen pakurisienen runteleman haavan en voinut olla n\u00e4kem\u00e4tt\u00e4 siin\u00e4 suuta, Kaiun suuta, varsinkin kun k\u00e4\u00e4nsi p\u00e4\u00e4ns\u00e4 vinoon ja antoi mielikuvituksen laukata. T\u00e4\u00e4ll\u00e4 se asuu, t\u00e4\u00e4lt\u00e4 se vastaa, kun sille huutaa. Vai mit\u00e4? Voi oikein n\u00e4hd\u00e4, kuinka \u00e4\u00e4ni kumpuaa sen raollaan olevien kasteen kostuttamien huulten v\u00e4list\u00e4.<\/p>\n<p style=\"text-align: center;\"><a href=\"https:\/\/luopioistenkasvisto.fi\/blogi\/wp-content\/uploads\/2011\/05\/kaiku2.jpg\"><img loading=\"lazy\" decoding=\"async\" class=\"size-medium wp-image-1534 aligncenter\" alt=\"kaiku2\" src=\"https:\/\/luopioistenkasvisto.fi\/blogi\/wp-content\/uploads\/2011\/05\/kaiku2-300x169.jpg\" width=\"300\" height=\"169\" srcset=\"https:\/\/luopioistenkasvisto.fi\/blogi\/wp-content\/uploads\/2011\/05\/kaiku2-300x169.jpg 300w, https:\/\/luopioistenkasvisto.fi\/blogi\/wp-content\/uploads\/2011\/05\/kaiku2-500x281.jpg 500w, https:\/\/luopioistenkasvisto.fi\/blogi\/wp-content\/uploads\/2011\/05\/kaiku2.jpg 1024w\" sizes=\"auto, (max-width: 300px) 100vw, 300px\" \/><\/a><\/p>\n<p style=\"text-align: left;\">Lapsuuden ongelma on ratkennut. Puhukoot aikuiset mit\u00e4 haluavat, min\u00e4 tied\u00e4n, mist\u00e4 \u00e4\u00e4ni tulee mets\u00e4ss\u00e4, olen n\u00e4hnyt sen, olen kokeillut sit\u00e4. Ruokovuori antaa sille oivallisen n\u00e4ytt\u00e4m\u00f6n, kev\u00e4inen mets\u00e4 tunnelman &#8230; ja satu on valmis.<\/p>\n","protected":false},"excerpt":{"rendered":"<p>&#8217;Kev\u00e4inen mets\u00e4 on avara. Lehdett\u00f6m\u00e4t puut antavat kuulaan l\u00e4pin\u00e4kyv\u00e4n vaikutelman kuin kulkisi veden sis\u00e4ll\u00e4. \u00c4\u00e4net kantavat kev\u00e4isess\u00e4 mets\u00e4ss\u00e4 aivan eri tavalla kuin keskikes\u00e4n tukkoisessa maisemassa. Kiersin j\u00e4k\u00e4lien per\u00e4ss\u00e4 jyrkk\u00e4rinteisen Ruokovuoren rinteit\u00e4 ja t\u00f6rm\u00e4sin&#8230; niin mihin? Mik\u00e4 tuo on? Mielikuvitusta sen &hellip; <a href=\"https:\/\/luopioistenkasvisto.fi\/blogi\/?p=164\">Lue loppuun <span class=\"meta-nav\">&rarr;<\/span><\/a><\/p>\n","protected":false},"author":1,"featured_media":0,"comment_status":"open","ping_status":"open","sticky":false,"template":"","format":"standard","meta":{"iawp_total_views":5,"footnotes":""},"categories":[10],"tags":[95,650,303],"class_list":["post-164","post","type-post","status-publish","format-standard","hentry","category-tarinat-kuvasta","tag-kevat","tag-sienet","tag-valokuva"],"_links":{"self":[{"href":"https:\/\/luopioistenkasvisto.fi\/blogi\/index.php?rest_route=\/wp\/v2\/posts\/164","targetHints":{"allow":["GET"]}}],"collection":[{"href":"https:\/\/luopioistenkasvisto.fi\/blogi\/index.php?rest_route=\/wp\/v2\/posts"}],"about":[{"href":"https:\/\/luopioistenkasvisto.fi\/blogi\/index.php?rest_route=\/wp\/v2\/types\/post"}],"author":[{"embeddable":true,"href":"https:\/\/luopioistenkasvisto.fi\/blogi\/index.php?rest_route=\/wp\/v2\/users\/1"}],"replies":[{"embeddable":true,"href":"https:\/\/luopioistenkasvisto.fi\/blogi\/index.php?rest_route=%2Fwp%2Fv2%2Fcomments&post=164"}],"version-history":[{"count":3,"href":"https:\/\/luopioistenkasvisto.fi\/blogi\/index.php?rest_route=\/wp\/v2\/posts\/164\/revisions"}],"predecessor-version":[{"id":1532,"href":"https:\/\/luopioistenkasvisto.fi\/blogi\/index.php?rest_route=\/wp\/v2\/posts\/164\/revisions\/1532"}],"wp:attachment":[{"href":"https:\/\/luopioistenkasvisto.fi\/blogi\/index.php?rest_route=%2Fwp%2Fv2%2Fmedia&parent=164"}],"wp:term":[{"taxonomy":"category","embeddable":true,"href":"https:\/\/luopioistenkasvisto.fi\/blogi\/index.php?rest_route=%2Fwp%2Fv2%2Fcategories&post=164"},{"taxonomy":"post_tag","embeddable":true,"href":"https:\/\/luopioistenkasvisto.fi\/blogi\/index.php?rest_route=%2Fwp%2Fv2%2Ftags&post=164"}],"curies":[{"name":"wp","href":"https:\/\/api.w.org\/{rel}","templated":true}]}}