{"id":1859,"date":"2013-06-10T18:02:50","date_gmt":"2013-06-10T16:02:50","guid":{"rendered":"http:\/\/luopioistenkasvisto.fi\/blogi\/?p=1859"},"modified":"2013-06-10T18:06:04","modified_gmt":"2013-06-10T16:06:04","slug":"retkeilya-hyvassa-seurassa","status":"publish","type":"post","link":"https:\/\/luopioistenkasvisto.fi\/blogi\/?p=1859","title":{"rendered":"Retkeily\u00e4 hyv\u00e4ss\u00e4 seurassa"},"content":{"rendered":"<p style=\"text-align: center;\"><a href=\"https:\/\/luopioistenkasvisto.fi\/blogi\/wp-content\/uploads\/2013\/06\/m\u00e4kiorvokki.jpg\"><img loading=\"lazy\" decoding=\"async\" class=\"size-medium wp-image-1860 aligncenter\" alt=\"m\u00e4kiorvokki\" src=\"https:\/\/luopioistenkasvisto.fi\/blogi\/wp-content\/uploads\/2013\/06\/m\u00e4kiorvokki-300x199.jpg\" width=\"300\" height=\"199\" srcset=\"https:\/\/luopioistenkasvisto.fi\/blogi\/wp-content\/uploads\/2013\/06\/m\u00e4kiorvokki-300x199.jpg 300w, https:\/\/luopioistenkasvisto.fi\/blogi\/wp-content\/uploads\/2013\/06\/m\u00e4kiorvokki-451x300.jpg 451w, https:\/\/luopioistenkasvisto.fi\/blogi\/wp-content\/uploads\/2013\/06\/m\u00e4kiorvokki.jpg 1024w\" sizes=\"auto, (max-width: 300px) 100vw, 300px\" \/><\/a><\/p>\n<p style=\"text-align: center;\"><span style=\"color: #008000;\"><em>&#8217;Viikonvaihteessa oli valtakunnallinen kasviseminaari Tampereella ja sen ymp\u00e4rist\u00f6ss\u00e4. Bussilastillinen botanisteja raahautui harvinaisuuden luota toiselle ja ihasteli pirkanmaalaista luontoa. Tampereen kasvitieteellinen yhdistys vietti samalla 40-vuotisjuhlaansa. Onnea!<\/em><\/span><\/p>\n<p style=\"text-align: center;\"><span style=\"color: #008000;\"><em>Itselleni unohtumattomia olivat kaksi orvokkiharvinaisuutta: yl\u00e4kuvan m\u00e4kiorvokki <\/em>(Viola collina)\u00a0<em> ja alemman kuvan rantaorvokki\u00a0<\/em>(Viola persicifolia)<i>. Edellinen oli jo kukkinut kev\u00e4\u00e4ll\u00e4, niinp\u00e4 nyt olivatkin n\u00e4kyviss\u00e4 vain sen komeat lehdet. J\u00e4lkimm\u00e4inen lopetteli kukintaansa suopellon laidassa ja muistutti kovin l\u00e4hisukulaistaan aho-orvokkia\u00a0<\/i>(Viola canina)<em>, jonka lehdet kuitenkin ovat leve\u00e4mm\u00e4t.\u00a0<em>Jostakin syyst\u00e4 en koskaan ole tullut l\u00e4hteneeksi katsomaan n\u00e4it\u00e4 lajeja. Nyt sekin aukko kasvisivistyksess\u00e4 on paikattu.<\/em><\/em><\/span><\/p>\n<p style=\"text-align: center;\"><a href=\"https:\/\/luopioistenkasvisto.fi\/blogi\/wp-content\/uploads\/2013\/06\/rantaorvokki.jpg\"><img loading=\"lazy\" decoding=\"async\" class=\"size-medium wp-image-1861 aligncenter\" alt=\"rantaorvokki\" src=\"https:\/\/luopioistenkasvisto.fi\/blogi\/wp-content\/uploads\/2013\/06\/rantaorvokki-300x168.jpg\" width=\"300\" height=\"168\" srcset=\"https:\/\/luopioistenkasvisto.fi\/blogi\/wp-content\/uploads\/2013\/06\/rantaorvokki-300x168.jpg 300w, https:\/\/luopioistenkasvisto.fi\/blogi\/wp-content\/uploads\/2013\/06\/rantaorvokki-500x281.jpg 500w, https:\/\/luopioistenkasvisto.fi\/blogi\/wp-content\/uploads\/2013\/06\/rantaorvokki.jpg 1024w\" sizes=\"auto, (max-width: 300px) 100vw, 300px\" \/><\/a><\/p>\n<p style=\"text-align: center;\"><span style=\"color: #008000;\"><em>\u00a0Retkeilyll\u00e4 tekee usein yll\u00e4tt\u00e4vi\u00e4kin havaintoja ja kun liikkeell\u00e4 on viitisenkymment\u00e4 alan asiantuntijaa, niit\u00e4 yll\u00e4tyksi\u00e4 tulee runsaasti. Niinp\u00e4 sain katsella useaakin erikoista mikrosient\u00e4 (kiitos <strong>Pentti Alangon<\/strong>), muutamaa pienen pient\u00e4 j\u00e4k\u00e4l\u00e4\u00e4 <strong>Juha Pyk\u00e4l\u00e4n<\/strong> \u00a0esittelem\u00e4n\u00e4 ja l\u00f6ytyip\u00e4 <strong>Timo Kyp\u00e4r\u00e4n<\/strong>\u00a0kanssa hienoja sammaliakin. Varmaan niiden kuvilla ja lajiselosteilla jossain v\u00e4iss\u00e4 t\u00e4ydenn\u00e4n kasvisivujani, vaikka viel\u00e4 niit\u00e4 ei Luopioisista olekaan l\u00f6ytynyt.<\/em><\/span><\/p>\n<p style=\"text-align: center;\"><span style=\"color: #008000;\"><em>Viel\u00e4 liit\u00e4n t\u00e4h\u00e4n yhden kasvikuvan. Se on lemmikkikasveihin kuuluvan koirankielen\u00a0<\/em>(Cynoglossum officinale)<em> kaunis purppurainen kukka. Kasvi on nyky\u00e4\u00e4n Suomessa suuri harvinaisuus enk\u00e4 muista sit\u00e4 montaa kertaa aikaisemmin n\u00e4hneeni.<\/em><\/span><\/p>\n<p><a href=\"https:\/\/luopioistenkasvisto.fi\/blogi\/wp-content\/uploads\/2013\/06\/koirankieli.jpg\"><img loading=\"lazy\" decoding=\"async\" class=\"size-medium wp-image-1862 alignleft\" alt=\"koirankieli\" src=\"https:\/\/luopioistenkasvisto.fi\/blogi\/wp-content\/uploads\/2013\/06\/koirankieli-300x300.jpg\" width=\"300\" height=\"300\" srcset=\"https:\/\/luopioistenkasvisto.fi\/blogi\/wp-content\/uploads\/2013\/06\/koirankieli-300x300.jpg 300w, https:\/\/luopioistenkasvisto.fi\/blogi\/wp-content\/uploads\/2013\/06\/koirankieli-150x150.jpg 150w, https:\/\/luopioistenkasvisto.fi\/blogi\/wp-content\/uploads\/2013\/06\/koirankieli.jpg 1024w\" sizes=\"auto, (max-width: 300px) 100vw, 300px\" \/><\/a><span style=\"color: #008000;\"><em>Vaikka itse kasvi on aika lailla kolkon n\u00e4k\u00f6inen, on sen kukka hyvinkin herkk\u00e4. Se muistuttaa suuresti imik\u00e4n kukkaa, onhan koirankieli sen sukulainen. Samalla tavalla senkin v\u00e4ri muuttuu kukan vanhetessa, t\u00e4ll\u00e4 kasvilla ruskeanpunaisesta lilan kautta purppuraiseen. Kasvia voi tavata vanhan kulttuurin seuralaisena Etel\u00e4-Suomesta, mutta kovin se on taantunut viime vuosina.<\/em><\/span><\/p>\n<p><span style=\"color: #008000;\"><em>Seminaariretki on nyt t\u00e4lt\u00e4 vuodelta ohi. Kiitos kaikille mukana olleille ja terveiset samalla niille, jotka nyt eiv\u00e4t p\u00e4\u00e4sseet tai ehtineet mukaan. Vuosittain nimitt\u00e4in n\u00e4ille retkille olisi enemm\u00e4n tulijoita kuin voidaan ottaa vastaan. Onkohan kasviharrastus voimistumassa? Toivotaan niin.&#8217;\u00a0<\/em><\/span><\/p>\n","protected":false},"excerpt":{"rendered":"<p>&#8217;Viikonvaihteessa oli valtakunnallinen kasviseminaari Tampereella ja sen ymp\u00e4rist\u00f6ss\u00e4. Bussilastillinen botanisteja raahautui harvinaisuuden luota toiselle ja ihasteli pirkanmaalaista luontoa. Tampereen kasvitieteellinen yhdistys vietti samalla 40-vuotisjuhlaansa. Onnea! Itselleni unohtumattomia olivat kaksi orvokkiharvinaisuutta: yl\u00e4kuvan m\u00e4kiorvokki (Viola collina)\u00a0 ja alemman kuvan rantaorvokki\u00a0(Viola persicifolia). Edellinen &hellip; <a href=\"https:\/\/luopioistenkasvisto.fi\/blogi\/?p=1859\">Lue loppuun <span class=\"meta-nav\">&rarr;<\/span><\/a><\/p>\n","protected":false},"author":1,"featured_media":0,"comment_status":"open","ping_status":"open","sticky":false,"template":"","format":"standard","meta":{"iawp_total_views":12,"footnotes":""},"categories":[336],"tags":[368,369],"class_list":["post-1859","post","type-post","status-publish","format-standard","hentry","category-retket","tag-kasviseminaari","tag-pirkanmaa"],"_links":{"self":[{"href":"https:\/\/luopioistenkasvisto.fi\/blogi\/index.php?rest_route=\/wp\/v2\/posts\/1859","targetHints":{"allow":["GET"]}}],"collection":[{"href":"https:\/\/luopioistenkasvisto.fi\/blogi\/index.php?rest_route=\/wp\/v2\/posts"}],"about":[{"href":"https:\/\/luopioistenkasvisto.fi\/blogi\/index.php?rest_route=\/wp\/v2\/types\/post"}],"author":[{"embeddable":true,"href":"https:\/\/luopioistenkasvisto.fi\/blogi\/index.php?rest_route=\/wp\/v2\/users\/1"}],"replies":[{"embeddable":true,"href":"https:\/\/luopioistenkasvisto.fi\/blogi\/index.php?rest_route=%2Fwp%2Fv2%2Fcomments&post=1859"}],"version-history":[{"count":4,"href":"https:\/\/luopioistenkasvisto.fi\/blogi\/index.php?rest_route=\/wp\/v2\/posts\/1859\/revisions"}],"predecessor-version":[{"id":1866,"href":"https:\/\/luopioistenkasvisto.fi\/blogi\/index.php?rest_route=\/wp\/v2\/posts\/1859\/revisions\/1866"}],"wp:attachment":[{"href":"https:\/\/luopioistenkasvisto.fi\/blogi\/index.php?rest_route=%2Fwp%2Fv2%2Fmedia&parent=1859"}],"wp:term":[{"taxonomy":"category","embeddable":true,"href":"https:\/\/luopioistenkasvisto.fi\/blogi\/index.php?rest_route=%2Fwp%2Fv2%2Fcategories&post=1859"},{"taxonomy":"post_tag","embeddable":true,"href":"https:\/\/luopioistenkasvisto.fi\/blogi\/index.php?rest_route=%2Fwp%2Fv2%2Ftags&post=1859"}],"curies":[{"name":"wp","href":"https:\/\/api.w.org\/{rel}","templated":true}]}}