{"id":226,"date":"2011-08-08T19:31:45","date_gmt":"2011-08-08T17:31:45","guid":{"rendered":"http:\/\/tuomo123.blogit.fi\/?p=226"},"modified":"2013-04-21T20:19:01","modified_gmt":"2013-04-21T18:19:01","slug":"sieneen","status":"publish","type":"post","link":"https:\/\/luopioistenkasvisto.fi\/blogi\/?p=226","title":{"rendered":"Sieneen!"},"content":{"rendered":"<p style=\"text-align: center;\"><a href=\"https:\/\/luopioistenkasvisto.fi\/blogi\/wp-content\/uploads\/2011\/08\/koralliorakas.jpg\"><img loading=\"lazy\" decoding=\"async\" class=\"size-medium wp-image-1474 aligncenter\" alt=\"koralliorakas\" src=\"https:\/\/luopioistenkasvisto.fi\/blogi\/wp-content\/uploads\/2011\/08\/koralliorakas-300x168.jpg\" width=\"300\" height=\"168\" srcset=\"https:\/\/luopioistenkasvisto.fi\/blogi\/wp-content\/uploads\/2011\/08\/koralliorakas-300x168.jpg 300w, https:\/\/luopioistenkasvisto.fi\/blogi\/wp-content\/uploads\/2011\/08\/koralliorakas-1024x576.jpg 1024w, https:\/\/luopioistenkasvisto.fi\/blogi\/wp-content\/uploads\/2011\/08\/koralliorakas-500x281.jpg 500w, https:\/\/luopioistenkasvisto.fi\/blogi\/wp-content\/uploads\/2011\/08\/koralliorakas.jpg 1158w\" sizes=\"auto, (max-width: 300px) 100vw, 300px\" \/><\/a><\/p>\n<p style=\"text-align: center;\"><span style=\"color: #008000;\"><em>&#8217;Syksyn tulon huomasi ennen sienist\u00e4. Liek\u00f6 tarkempaa havainnointia vai ilmaston l\u00e4mpenemist\u00e4, mutta nyky\u00e4\u00e4n tahtoo sieni\u00e4kin n\u00e4hd\u00e4 aina vain varhemmin. Kiertelin t\u00e4ss\u00e4 muutama hetki sitten Kyyn\u00e4r\u00f6j\u00e4rven rantoja ja rantaluhtia etsiess\u00e4ni uhanalaista raania kuvattavaksi ja vastaan tuli t\u00e4llainen kummajainen.&#8217;<\/em><\/span><\/p>\n<p style=\"text-align: left;\">Koralliorakas (<em>Hericium coralloides<\/em>) on maassamme harvinainen sieni. Sen iti\u00f6em\u00e4 on korallimaisesti haaroittunut ja voi kasvaa usean kymmenen senttimetrin suuruiseksi pallomaiseksi kasvustoksi. V\u00e4rilt\u00e4\u00e4n se on tuollainen kermanvaalea, mutta muuttuu vanhemmiten ruskehtavaksi. Orakkaaksi sen tunnistaa korallimaisten haarojen alapinnalla olevista piikkim\u00e4isist\u00e4 heltoista, joissa valmistuvat sienen iti\u00f6t.<\/p>\n<p style=\"text-align: left;\">T\u00e4m\u00e4 yksil\u00f6 kasvoi vanhalla kaatuneella lahopuulla tervalepp\u00e4luhdassa Kyyn\u00e4r\u00f6j\u00e4rven etel\u00e4p\u00e4\u00e4ss\u00e4. Se oli yksin\u00e4inen elelij\u00e4, sill\u00e4 l\u00e4hialueilta ei toista kasvustoa etsiskelyst\u00e4 huolimatta l\u00f6ytynyt. Sopivia lahonneita lehtipuita kyll\u00e4 olisi ollut tarjolla. Kirjatietojen mukaan se suosii haapaa ja koivua, etenkin pakurisienen vioittamia runkoja. T\u00e4m\u00e4 laho oli lehtipuuta, mutta jo sen verran pitk\u00e4lle edennyt, ett\u00e4 puulaji j\u00e4i m\u00e4\u00e4ritt\u00e4m\u00e4tt\u00e4. Ne muutamat kerrat, kun t\u00e4m\u00e4n sienen olen tavannut, se on kasvanut koivulla.<\/p>\n<p style=\"text-align: left;\">Sieni siis ei ole yleinen. Kirjoissa sanotaan sen ilment\u00e4v\u00e4n jopa vanhaa mets\u00e4\u00e4. Ehk\u00e4 n\u00e4in on, vaikka t\u00e4m\u00e4 l\u00f6yt\u00e4m\u00e4ni yksil\u00f6 esiintyikin aika avoimella paikalla kosteassa notkelmassa, jossa kasvoi runsaasti nuorta lehtipuuta. Ehk\u00e4 lahopuun osuus oli suurempi kuin muissa vastaavissa paikoissa ja sit\u00e4h\u00e4n sieni suosii. Oikeastaan, kun muistelen, olen tavannut sen hyvinkin samanlaisesta biotoopista muulloinkin. Ehk\u00e4 se Etel\u00e4-H\u00e4meess\u00e4 tarvitsee t\u00e4llaisen kostean luhtaisen runsaasti lahopuuta sis\u00e4lt\u00e4v\u00e4n kasvupaikan.<\/p>\n<p style=\"text-align: left;\">Ei koralliorakas ole mets\u00e4n kummallisin sieni, mutta ehk\u00e4 se on kaunein. Sen n\u00e4keminen saa hyv\u00e4lle mielelle. Mielell\u00e4\u00e4n sen noukkisi sienikoriinsa, mutta enp\u00e4 ole sit\u00e4 tehnyt. Luultavasti se ei ole edes hyv\u00e4nmakuinen, liek\u00f6 per\u00e4ti sy\u00f6m\u00e4kelvoton. En tied\u00e4. Harvinaisuutensakin vuoksi se kannattaa j\u00e4tt\u00e4\u00e4 paikoilleen, jospa se yleistyisi ajan my\u00f6t\u00e4.<\/p>\n","protected":false},"excerpt":{"rendered":"<p>&#8217;Syksyn tulon huomasi ennen sienist\u00e4. Liek\u00f6 tarkempaa havainnointia vai ilmaston l\u00e4mpenemist\u00e4, mutta nyky\u00e4\u00e4n tahtoo sieni\u00e4kin n\u00e4hd\u00e4 aina vain varhemmin. Kiertelin t\u00e4ss\u00e4 muutama hetki sitten Kyyn\u00e4r\u00f6j\u00e4rven rantoja ja rantaluhtia etsiess\u00e4ni uhanalaista raania kuvattavaksi ja vastaan tuli t\u00e4llainen kummajainen.&#8217; Koralliorakas (Hericium coralloides) &hellip; <a href=\"https:\/\/luopioistenkasvisto.fi\/blogi\/?p=226\">Lue loppuun <span class=\"meta-nav\">&rarr;<\/span><\/a><\/p>\n","protected":false},"author":1,"featured_media":0,"comment_status":"open","ping_status":"open","sticky":false,"template":"","format":"standard","meta":{"iawp_total_views":9,"footnotes":""},"categories":[9],"tags":[306,650,252],"class_list":["post-226","post","type-post","status-publish","format-standard","hentry","category-sienet","tag-metsa","tag-sienet","tag-silmallapidettava"],"_links":{"self":[{"href":"https:\/\/luopioistenkasvisto.fi\/blogi\/index.php?rest_route=\/wp\/v2\/posts\/226","targetHints":{"allow":["GET"]}}],"collection":[{"href":"https:\/\/luopioistenkasvisto.fi\/blogi\/index.php?rest_route=\/wp\/v2\/posts"}],"about":[{"href":"https:\/\/luopioistenkasvisto.fi\/blogi\/index.php?rest_route=\/wp\/v2\/types\/post"}],"author":[{"embeddable":true,"href":"https:\/\/luopioistenkasvisto.fi\/blogi\/index.php?rest_route=\/wp\/v2\/users\/1"}],"replies":[{"embeddable":true,"href":"https:\/\/luopioistenkasvisto.fi\/blogi\/index.php?rest_route=%2Fwp%2Fv2%2Fcomments&post=226"}],"version-history":[{"count":2,"href":"https:\/\/luopioistenkasvisto.fi\/blogi\/index.php?rest_route=\/wp\/v2\/posts\/226\/revisions"}],"predecessor-version":[{"id":1475,"href":"https:\/\/luopioistenkasvisto.fi\/blogi\/index.php?rest_route=\/wp\/v2\/posts\/226\/revisions\/1475"}],"wp:attachment":[{"href":"https:\/\/luopioistenkasvisto.fi\/blogi\/index.php?rest_route=%2Fwp%2Fv2%2Fmedia&parent=226"}],"wp:term":[{"taxonomy":"category","embeddable":true,"href":"https:\/\/luopioistenkasvisto.fi\/blogi\/index.php?rest_route=%2Fwp%2Fv2%2Fcategories&post=226"},{"taxonomy":"post_tag","embeddable":true,"href":"https:\/\/luopioistenkasvisto.fi\/blogi\/index.php?rest_route=%2Fwp%2Fv2%2Ftags&post=226"}],"curies":[{"name":"wp","href":"https:\/\/api.w.org\/{rel}","templated":true}]}}