{"id":247,"date":"2011-09-13T14:07:15","date_gmt":"2011-09-13T12:07:15","guid":{"rendered":"http:\/\/tuomo123.blogit.fi\/?p=247"},"modified":"2013-04-21T19:18:28","modified_gmt":"2013-04-21T17:18:28","slug":"vastakkaisvarit","status":"publish","type":"post","link":"https:\/\/luopioistenkasvisto.fi\/blogi\/?p=247","title":{"rendered":"Vastakkaisv\u00e4rit"},"content":{"rendered":"<p style=\"text-align: center;\"><a href=\"https:\/\/luopioistenkasvisto.fi\/blogi\/wp-content\/uploads\/2011\/09\/sieni.jpg\"><img loading=\"lazy\" decoding=\"async\" class=\"size-medium wp-image-1451 aligncenter\" alt=\"sieni\" src=\"https:\/\/luopioistenkasvisto.fi\/blogi\/wp-content\/uploads\/2011\/09\/sieni-300x168.jpg\" width=\"300\" height=\"168\" srcset=\"https:\/\/luopioistenkasvisto.fi\/blogi\/wp-content\/uploads\/2011\/09\/sieni-300x168.jpg 300w, https:\/\/luopioistenkasvisto.fi\/blogi\/wp-content\/uploads\/2011\/09\/sieni-500x281.jpg 500w, https:\/\/luopioistenkasvisto.fi\/blogi\/wp-content\/uploads\/2011\/09\/sieni.jpg 640w\" sizes=\"auto, (max-width: 300px) 100vw, 300px\" \/><\/a><\/p>\n<p style=\"text-align: center;\"><span style=\"color: #008000;\"><em>&#8217;Viikonvaihteessa olin sammalretkell\u00e4 Lohjan seudulla. Kalkkipitoisuus n\u00e4kyi lajistossa ja niinp\u00e4 eliksi\u00e4 ropisi tukuittain. Pistelen niit\u00e4 aikoinaan, kunhan ehdin, my\u00f6s kasvisivuille ja ehk\u00e4 t\u00e4nne blogiinkin. Nyt kuitenkin syksyn kiireet viev\u00e4t menness\u00e4\u00e4n. Sipulit on saatava maasta ja peruna odottaa sekin jo vuoroaan. Kurpitsat ty\u00f6nt\u00e4v\u00e4t viimeisi\u00e4 pallukoitaan ja kurkut muodostuvat j\u00e4ttisuuriksi keltaisiksi p\u00f6tk\u00f6iksi syksyn sateissa. Puolukkaakin on kivasti, joten sekin on syyt\u00e4 korjata talteen ja pit\u00e4\u00e4 samalla silm\u00e4t tarkkoina sarjatalvikkien (<\/em>Chimaphila umbellata<em>)<\/em><em> kanssa. Ne kun ovat niin samann\u00e4k\u00f6isi\u00e4 t\u00e4h\u00e4n aikaan. Kuvan sieni on jokin maljakas, lajia en tied\u00e4 enk\u00e4 siit\u00e4 paljon muutakaan. Se kasvoi Lohjalla r\u00f6yhel\u00f6sammalen (<\/em>Blasia pusilla<em>) keskell\u00e4 savensekaisella \u00a0joutomaalla. Kooltaan sieni on noin sentin, mutta en huomannut katsoa, oliko sill\u00e4 jalkaa vai ei. Tunnistaja voisi kommentoida.&#8217;<\/em><\/span><\/p>\n","protected":false},"excerpt":{"rendered":"<p>&#8217;Viikonvaihteessa olin sammalretkell\u00e4 Lohjan seudulla. Kalkkipitoisuus n\u00e4kyi lajistossa ja niinp\u00e4 eliksi\u00e4 ropisi tukuittain. Pistelen niit\u00e4 aikoinaan, kunhan ehdin, my\u00f6s kasvisivuille ja ehk\u00e4 t\u00e4nne blogiinkin. Nyt kuitenkin syksyn kiireet viev\u00e4t menness\u00e4\u00e4n. Sipulit on saatava maasta ja peruna odottaa sekin jo vuoroaan. &hellip; <a href=\"https:\/\/luopioistenkasvisto.fi\/blogi\/?p=247\">Lue loppuun <span class=\"meta-nav\">&rarr;<\/span><\/a><\/p>\n","protected":false},"author":1,"featured_media":0,"comment_status":"open","ping_status":"open","sticky":false,"template":"","format":"standard","meta":{"iawp_total_views":9,"footnotes":""},"categories":[9],"tags":[318,218,240,650,303],"class_list":["post-247","post","type-post","status-publish","format-standard","hentry","category-sienet","tag-piennar","tag-retkeily","tag-sammalet","tag-sienet","tag-valokuva"],"_links":{"self":[{"href":"https:\/\/luopioistenkasvisto.fi\/blogi\/index.php?rest_route=\/wp\/v2\/posts\/247","targetHints":{"allow":["GET"]}}],"collection":[{"href":"https:\/\/luopioistenkasvisto.fi\/blogi\/index.php?rest_route=\/wp\/v2\/posts"}],"about":[{"href":"https:\/\/luopioistenkasvisto.fi\/blogi\/index.php?rest_route=\/wp\/v2\/types\/post"}],"author":[{"embeddable":true,"href":"https:\/\/luopioistenkasvisto.fi\/blogi\/index.php?rest_route=\/wp\/v2\/users\/1"}],"replies":[{"embeddable":true,"href":"https:\/\/luopioistenkasvisto.fi\/blogi\/index.php?rest_route=%2Fwp%2Fv2%2Fcomments&post=247"}],"version-history":[{"count":3,"href":"https:\/\/luopioistenkasvisto.fi\/blogi\/index.php?rest_route=\/wp\/v2\/posts\/247\/revisions"}],"predecessor-version":[{"id":1452,"href":"https:\/\/luopioistenkasvisto.fi\/blogi\/index.php?rest_route=\/wp\/v2\/posts\/247\/revisions\/1452"}],"wp:attachment":[{"href":"https:\/\/luopioistenkasvisto.fi\/blogi\/index.php?rest_route=%2Fwp%2Fv2%2Fmedia&parent=247"}],"wp:term":[{"taxonomy":"category","embeddable":true,"href":"https:\/\/luopioistenkasvisto.fi\/blogi\/index.php?rest_route=%2Fwp%2Fv2%2Fcategories&post=247"},{"taxonomy":"post_tag","embeddable":true,"href":"https:\/\/luopioistenkasvisto.fi\/blogi\/index.php?rest_route=%2Fwp%2Fv2%2Ftags&post=247"}],"curies":[{"name":"wp","href":"https:\/\/api.w.org\/{rel}","templated":true}]}}