{"id":2593,"date":"2013-11-18T17:05:19","date_gmt":"2013-11-18T15:05:19","guid":{"rendered":"http:\/\/luopioistenkasvisto.fi\/blogi\/?p=2593"},"modified":"2013-11-18T17:05:19","modified_gmt":"2013-11-18T15:05:19","slug":"myrskyretken-satoa","status":"publish","type":"post","link":"https:\/\/luopioistenkasvisto.fi\/blogi\/?p=2593","title":{"rendered":"Myrskyretken satoa"},"content":{"rendered":"<p style=\"text-align: center;\"><a href=\"https:\/\/luopioistenkasvisto.fi\/blogi\/wp-content\/uploads\/2013\/11\/sieni1.jpg\"><img loading=\"lazy\" decoding=\"async\" class=\"size-medium wp-image-2594 aligncenter\" alt=\"sieni1\" src=\"https:\/\/luopioistenkasvisto.fi\/blogi\/wp-content\/uploads\/2013\/11\/sieni1-300x168.jpg\" width=\"300\" height=\"168\" srcset=\"https:\/\/luopioistenkasvisto.fi\/blogi\/wp-content\/uploads\/2013\/11\/sieni1-300x168.jpg 300w, https:\/\/luopioistenkasvisto.fi\/blogi\/wp-content\/uploads\/2013\/11\/sieni1-500x281.jpg 500w, https:\/\/luopioistenkasvisto.fi\/blogi\/wp-content\/uploads\/2013\/11\/sieni1.jpg 1024w\" sizes=\"auto, (max-width: 300px) 100vw, 300px\" \/><\/a><\/p>\n<p style=\"text-align: center;\"><span style=\"color: #008000;\"><em>&#8217;Loppusyksy on minulle usein sienten aikaa. Silloin tekee kummallisia l\u00f6yt\u00f6j\u00e4, niin kuin tuo yl\u00e4kuvan k\u00e4\u00e4v\u00e4k\u00e4s. J\u00e4tin sienikirjat pois muuttokuormasta, kun tulimme kes\u00e4lomalta kaupunkiin. Mik\u00e4 lie j\u00e4rjen niksahdus sekin, mutta nyt on odotettava seuraavaa k\u00e4ynti\u00e4 ennen m\u00e4\u00e4rityksi\u00e4. Toisaalta on j\u00e4nn\u00e4 etsi\u00e4 outoja muotoja ja v\u00e4h\u00e4t v\u00e4litt\u00e4\u00e4 biologiasta ja lajituksesta. Tuossa kuvassa en n\u00e4e tyypillisi\u00e4 sieni\u00e4, vaan enemm\u00e4nkin siin\u00e4 istuu rungolla perhosia, kanelilla kuorutettuja leip\u00e4si\u00e4 tai kuivuneita lehti\u00e4. Otin kuitenkin vanhasta tottumuksesta n\u00e4ytteen, jotta sitten joskus saan lajinkin selville. Kaunista pintaa joka tapauksessa. <\/em><\/span><\/p>\n<p style=\"text-align: center;\"><a href=\"https:\/\/luopioistenkasvisto.fi\/blogi\/wp-content\/uploads\/2013\/11\/sieni2.jpg\"><img loading=\"lazy\" decoding=\"async\" class=\"size-medium wp-image-2595 aligncenter\" alt=\"sieni2\" src=\"https:\/\/luopioistenkasvisto.fi\/blogi\/wp-content\/uploads\/2013\/11\/sieni2-300x168.jpg\" width=\"300\" height=\"168\" srcset=\"https:\/\/luopioistenkasvisto.fi\/blogi\/wp-content\/uploads\/2013\/11\/sieni2-300x168.jpg 300w, https:\/\/luopioistenkasvisto.fi\/blogi\/wp-content\/uploads\/2013\/11\/sieni2-500x281.jpg 500w, https:\/\/luopioistenkasvisto.fi\/blogi\/wp-content\/uploads\/2013\/11\/sieni2.jpg 1024w\" sizes=\"auto, (max-width: 300px) 100vw, 300px\" \/><\/a><\/p>\n<p style=\"text-align: center;\"><span style=\"color: #008000;\"><em>Toinen kuva on jostakin hytyk\u00e4st\u00e4. Se kasvoi lahoavalla lehtipuulla ja muodosti siihen korvasienim\u00e4ist\u00e4 koukeroa. Samanlaisia kasvoi oksien reunoilla kielim\u00e4isin\u00e4 ja kannoilla levym\u00e4isin\u00e4. Varmaankin kukin omaa lajiaan. Minua vieh\u00e4tti t\u00e4ss\u00e4 sienen kaunis v\u00e4ri, tuollainen vaalean kanelin kellert\u00e4v\u00e4. Itse sieni oli aika \u00e4ll\u00f6tt\u00e4v\u00e4 limaisine rustopintoineen. Sit\u00e4h\u00e4n ei kuvasta p\u00e4\u00e4se aistimaan. Ehk\u00e4 joskus voimme kosketella kuvaa ja tuntea sen saman tunteen, mink\u00e4 kohde antaa luonnossa. <\/em><\/span><\/p>\n<p style=\"text-align: center;\"><a href=\"https:\/\/luopioistenkasvisto.fi\/blogi\/wp-content\/uploads\/2013\/11\/sieni3.jpg\"><img loading=\"lazy\" decoding=\"async\" class=\"alignnone size-medium wp-image-2596\" alt=\"sieni3\" src=\"https:\/\/luopioistenkasvisto.fi\/blogi\/wp-content\/uploads\/2013\/11\/sieni3-300x168.jpg\" width=\"300\" height=\"168\" srcset=\"https:\/\/luopioistenkasvisto.fi\/blogi\/wp-content\/uploads\/2013\/11\/sieni3-300x168.jpg 300w, https:\/\/luopioistenkasvisto.fi\/blogi\/wp-content\/uploads\/2013\/11\/sieni3-500x281.jpg 500w, https:\/\/luopioistenkasvisto.fi\/blogi\/wp-content\/uploads\/2013\/11\/sieni3.jpg 1024w\" sizes=\"auto, (max-width: 300px) 100vw, 300px\" \/><\/a><\/p>\n<p style=\"text-align: center;\"><span style=\"color: #008000;\"><em>Kolmas sieni lienee jokin lahokka. Se kurkisteli oksan alta ujona ja pelkurimaisena. Sienen alapinnalla levitt\u00e4ytyiv\u00e4t kaunniit ruskeat heltat voimakkaassa kontrastissa mustan varren kanssa. Jotenkin mieleeni tulivat varpaat, aivan kuin ne olisivat heiluneetkin, mutta se varmaankin johtui vain tuulesta. <\/em><\/span><\/p>\n<p style=\"text-align: center;\"><a href=\"https:\/\/luopioistenkasvisto.fi\/blogi\/wp-content\/uploads\/2013\/11\/sieni4.jpg\"><img loading=\"lazy\" decoding=\"async\" class=\"alignnone size-medium wp-image-2597\" alt=\"sieni4\" src=\"https:\/\/luopioistenkasvisto.fi\/blogi\/wp-content\/uploads\/2013\/11\/sieni4-300x168.jpg\" width=\"300\" height=\"168\" srcset=\"https:\/\/luopioistenkasvisto.fi\/blogi\/wp-content\/uploads\/2013\/11\/sieni4-300x168.jpg 300w, https:\/\/luopioistenkasvisto.fi\/blogi\/wp-content\/uploads\/2013\/11\/sieni4-500x280.jpg 500w, https:\/\/luopioistenkasvisto.fi\/blogi\/wp-content\/uploads\/2013\/11\/sieni4.jpg 1024w\" sizes=\"auto, (max-width: 300px) 100vw, 300px\" \/><\/a><\/p>\n<p style=\"text-align: center;\"><span style=\"color: #008000;\"><em>Viimeinen sieni n\u00e4ytt\u00e4\u00e4 olevan aikamoinen ahmatti. Siin\u00e4 se pisteli lahokoivun pinnalla suihinsa lehte\u00e4 kaikessa rauhassa. T\u00e4m\u00e4kin sieni kuulunee k\u00e4\u00e4v\u00e4kk\u00e4isiin, mutta oli viel\u00e4 liian pieni ilmiantaakseen mill\u00e4\u00e4n lailla taksonomiaansa. Koivunlehti tuntui sille maistuvan, vaikka todellisuudessa lehti taisi olla siin\u00e4 vain sattumalta ja joutui sen vuoksi sienen sis\u00e4\u00e4n. Joskus n\u00e4kee sienen kiertyneen kokonaisen puun tai varvun ymp\u00e4rille ja ottavan ik\u00e4\u00e4n kuin tukea siit\u00e4. Varsinkin maak\u00e4\u00e4v\u00e4t kasvavat usein mustikan tai puolukan varpujen ymp\u00e4ri, vaikka ensin voisi luulla toisinp\u00e4in, varvun kasvaneen k\u00e4\u00e4v\u00e4n l\u00e4pi.<\/em><\/span><\/p>\n<p style=\"text-align: center;\"><span style=\"color: #008000;\"><em>N\u00e4in myrskyp\u00e4iv\u00e4 ei mennyt hukkaan. Kun saan m\u00e4\u00e4rityskirjat k\u00e4siini, niin yrit\u00e4n ainakin itselleni selvent\u00e4\u00e4 sienet my\u00f6s lajilleen.&#8217;<\/em><\/span><\/p>\n","protected":false},"excerpt":{"rendered":"<p>&#8217;Loppusyksy on minulle usein sienten aikaa. Silloin tekee kummallisia l\u00f6yt\u00f6j\u00e4, niin kuin tuo yl\u00e4kuvan k\u00e4\u00e4v\u00e4k\u00e4s. J\u00e4tin sienikirjat pois muuttokuormasta, kun tulimme kes\u00e4lomalta kaupunkiin. Mik\u00e4 lie j\u00e4rjen niksahdus sekin, mutta nyt on odotettava seuraavaa k\u00e4ynti\u00e4 ennen m\u00e4\u00e4rityksi\u00e4. Toisaalta on j\u00e4nn\u00e4 etsi\u00e4 &hellip; <a href=\"https:\/\/luopioistenkasvisto.fi\/blogi\/?p=2593\">Lue loppuun <span class=\"meta-nav\">&rarr;<\/span><\/a><\/p>\n","protected":false},"author":1,"featured_media":0,"comment_status":"open","ping_status":"open","sticky":false,"template":"","format":"standard","meta":{"iawp_total_views":9,"footnotes":""},"categories":[9],"tags":[457,450,377],"class_list":["post-2593","post","type-post","status-publish","format-standard","hentry","category-sienet","tag-kaavakkaat","tag-laho","tag-maaritys"],"_links":{"self":[{"href":"https:\/\/luopioistenkasvisto.fi\/blogi\/index.php?rest_route=\/wp\/v2\/posts\/2593","targetHints":{"allow":["GET"]}}],"collection":[{"href":"https:\/\/luopioistenkasvisto.fi\/blogi\/index.php?rest_route=\/wp\/v2\/posts"}],"about":[{"href":"https:\/\/luopioistenkasvisto.fi\/blogi\/index.php?rest_route=\/wp\/v2\/types\/post"}],"author":[{"embeddable":true,"href":"https:\/\/luopioistenkasvisto.fi\/blogi\/index.php?rest_route=\/wp\/v2\/users\/1"}],"replies":[{"embeddable":true,"href":"https:\/\/luopioistenkasvisto.fi\/blogi\/index.php?rest_route=%2Fwp%2Fv2%2Fcomments&post=2593"}],"version-history":[{"count":2,"href":"https:\/\/luopioistenkasvisto.fi\/blogi\/index.php?rest_route=\/wp\/v2\/posts\/2593\/revisions"}],"predecessor-version":[{"id":2599,"href":"https:\/\/luopioistenkasvisto.fi\/blogi\/index.php?rest_route=\/wp\/v2\/posts\/2593\/revisions\/2599"}],"wp:attachment":[{"href":"https:\/\/luopioistenkasvisto.fi\/blogi\/index.php?rest_route=%2Fwp%2Fv2%2Fmedia&parent=2593"}],"wp:term":[{"taxonomy":"category","embeddable":true,"href":"https:\/\/luopioistenkasvisto.fi\/blogi\/index.php?rest_route=%2Fwp%2Fv2%2Fcategories&post=2593"},{"taxonomy":"post_tag","embeddable":true,"href":"https:\/\/luopioistenkasvisto.fi\/blogi\/index.php?rest_route=%2Fwp%2Fv2%2Ftags&post=2593"}],"curies":[{"name":"wp","href":"https:\/\/api.w.org\/{rel}","templated":true}]}}