{"id":2780,"date":"2014-01-13T14:56:17","date_gmt":"2014-01-13T12:56:17","guid":{"rendered":"http:\/\/luopioistenkasvisto.fi\/blogi\/?p=2780"},"modified":"2014-01-13T15:56:41","modified_gmt":"2014-01-13T13:56:41","slug":"aarnialue","status":"publish","type":"post","link":"https:\/\/luopioistenkasvisto.fi\/blogi\/?p=2780","title":{"rendered":"Aarnialue"},"content":{"rendered":"<p><a href=\"https:\/\/luopioistenkasvisto.fi\/blogi\/wp-content\/uploads\/2014\/01\/sallaaj\u00e4rvi1.jpg\"><img loading=\"lazy\" decoding=\"async\" class=\"aligncenter size-full wp-image-2781\" alt=\"sallaaj\u00e4rvi1\" src=\"https:\/\/luopioistenkasvisto.fi\/blogi\/wp-content\/uploads\/2014\/01\/sallaaj\u00e4rvi1.jpg\" width=\"1024\" height=\"680\" srcset=\"https:\/\/luopioistenkasvisto.fi\/blogi\/wp-content\/uploads\/2014\/01\/sallaaj\u00e4rvi1.jpg 1024w, https:\/\/luopioistenkasvisto.fi\/blogi\/wp-content\/uploads\/2014\/01\/sallaaj\u00e4rvi1-300x199.jpg 300w, https:\/\/luopioistenkasvisto.fi\/blogi\/wp-content\/uploads\/2014\/01\/sallaaj\u00e4rvi1-451x300.jpg 451w\" sizes=\"auto, (max-width: 1024px) 100vw, 1024px\" \/><\/a><\/p>\n<p><span style=\"color: #008000;\"><em>&#8217;K\u00e4vin t\u00e4n\u00e4\u00e4n, kun vihdoinkin aurinko n\u00e4ytt\u00e4ytyi ja oli muutenkin uskomattoman komea p\u00e4iv\u00e4, Sallaaj\u00e4rven aarnialueella Jyv\u00e4skyl\u00e4n Taka-Keljossa. T\u00e4m\u00e4 on vuosittainen pyhiinvaellukseni menn\u00e4 katsomaan vanhaa mets\u00e4\u00e4 ja nauttimaan sen rauhasta. Alue on pieni ja vaatimaton, kaupungin kumina kantautuu sen joka kolkkaan eik\u00e4 pitk\u00e4llek\u00e4\u00e4n tarvitse k\u00e4vell\u00e4, kun t\u00f6rm\u00e4\u00e4 alueen rajaan ja hakkuuaukkoon. Kuitenkin se on pala vanhaa ikimets\u00e4\u00e4 ja sellaisenaan komea.<\/em><\/span><\/p>\n<p><span style=\"color: #008000;\"><em>Kuten kuvasta n\u00e4kyy, ovat myrskyt runnelleet aluetta mennen tullen. Kaatunutta ja kallellaan olevaa puuta riitt\u00e4\u00e4 lahoamaan ja tikkojen nakuteltavaksi. N\u00e4inh\u00e4n vanhassa mets\u00e4ss\u00e4 pit\u00e4\u00e4kin olla, mutta&#8230; Niin mieless\u00e4 k\u00e4y muunkinlaisia ajatuksia. Miksi sit\u00e4 puuta on niin paljon nurin? Onko juuri t\u00e4lle alueelle pit\u00e4nyt sen trombin sattua? Onko muualta puut korjattu tyystin talteen, niin ettei t\u00e4llaista ryt\u00f6\u00e4 en\u00e4\u00e4 n\u00e4e? Vai onko siihen jokin muu syy, ett\u00e4 juuri suojelualueilta puuta kaatuu harvinaisen paljon? <a href=\"https:\/\/luopioistenkasvisto.fi\/blogi\/wp-content\/uploads\/2014\/01\/sallaaj\u00e4rvi2.jpg\"><img loading=\"lazy\" decoding=\"async\" class=\"alignleft size-medium wp-image-2782\" alt=\"sallaaj\u00e4rvi2\" src=\"https:\/\/luopioistenkasvisto.fi\/blogi\/wp-content\/uploads\/2014\/01\/sallaaj\u00e4rvi2-199x300.jpg\" width=\"199\" height=\"300\" srcset=\"https:\/\/luopioistenkasvisto.fi\/blogi\/wp-content\/uploads\/2014\/01\/sallaaj\u00e4rvi2-199x300.jpg 199w, https:\/\/luopioistenkasvisto.fi\/blogi\/wp-content\/uploads\/2014\/01\/sallaaj\u00e4rvi2.jpg 680w\" sizes=\"auto, (max-width: 199px) 100vw, 199px\" \/><\/a>Aikoinaan myrsky pyyhk\u00e4isi Sinivuoren luonnonpuiston poikki ja kaatoi hakkuiden keskelle j\u00e4\u00e4neen mets\u00e4n nurin laajalta alueelta. N\u00e4in ei olisi k\u00e4ynyt t\u00e4ss\u00e4 mitassa, jos ymp\u00e4rill\u00e4 olisi ollut mets\u00e4 pystyss\u00e4. Tuuli saa aukoilla kovan voiman ja kun se t\u00f6rm\u00e4\u00e4 puiston tiiviiseen puusein\u00e4\u00e4n, tulee pahaa j\u00e4lke\u00e4. En harmittele t\u00e4t\u00e4 oikeastaan muusta syyst\u00e4 kuin siit\u00e4, ett\u00e4 puuta kaatuu niin paljon. <\/em><\/span><\/p>\n<p><span style=\"color: #008000;\"><em>Retkell\u00e4 kuulin kaupungin kumun lis\u00e4ksi tuulen suhinaa haapojen latvuksissa, havupuiden napsahtelua pakkasessa, puron solinaa, hippi\u00e4isen viheltely\u00e4 (en olekaan viel\u00e4 niin vanha) ja sokerina pohjalla, pohjantikan naputtelua kuivuneen kuusen rungolla. Pohjantikkahan on nyky\u00e4\u00e4n l\u00e4hes riippuvainen aarnialueista ja niiden lahoavista kuusikoista. Pohjantikalle myrskyjen kaatamat ja vahingoittamat puut ovat elinehto. Niinp\u00e4 olin iloinen, ett\u00e4 myrsky oli kattanut tikoille ruokap\u00f6yd\u00e4n. <a href=\"https:\/\/luopioistenkasvisto.fi\/blogi\/wp-content\/uploads\/2014\/01\/sallaaj\u00e4rvi3.jpg\"><img loading=\"lazy\" decoding=\"async\" class=\"size-medium wp-image-2783 alignright\" alt=\"sallaaj\u00e4rvi3\" src=\"https:\/\/luopioistenkasvisto.fi\/blogi\/wp-content\/uploads\/2014\/01\/sallaaj\u00e4rvi3-199x300.jpg\" width=\"199\" height=\"300\" srcset=\"https:\/\/luopioistenkasvisto.fi\/blogi\/wp-content\/uploads\/2014\/01\/sallaaj\u00e4rvi3-199x300.jpg 199w, https:\/\/luopioistenkasvisto.fi\/blogi\/wp-content\/uploads\/2014\/01\/sallaaj\u00e4rvi3.jpg 680w\" sizes=\"auto, (max-width: 199px) 100vw, 199px\" \/><\/a>Naapurimets\u00e4nomistajat todenn\u00e4k\u00f6isesti valittaisivat \u00a0koppiksista, jos heid\u00e4n mets\u00e4ns\u00e4 olisivat viel\u00e4 pystyss\u00e4. Viime aikoinahan on paljon valiteltu kirjanpainajan tekemist\u00e4 tuhoista. Mutta niit\u00e4h\u00e4n tikat juuri sy\u00f6v\u00e4t ja samalla suojelavat el\u00e4vi\u00e4 puita. N\u00e4in kaksi tikkaa koppispyynniss\u00e4, mutta kummastakaan en saanut kelvollista kuvaa. Niinp\u00e4 t\u00e4ss\u00e4 saadaan tyyty\u00e4 vain ruokap\u00f6yt\u00e4kuvaan, jossa tikat ovat jo k\u00e4yneet. <\/em><\/span><\/p>\n<p><span style=\"color: #008000;\"><em>Yll\u00e4tt\u00e4v\u00e4n paljon t\u00e4llainen kaunis aurinkoinen ilma vaikuttaa mielialaan. Vaikka en viipynyt kuin pari tuntia ulkona, j\u00e4i siit\u00e4 koko p\u00e4iv\u00e4ksi hyv\u00e4 mieli. Nyt kun tulisi viel\u00e4 luntakin enemm\u00e4n kuin tuo pari sentti\u00e4, niin p\u00e4\u00e4sisi hiiht\u00e4m\u00e4\u00e4n ja laajentamaan sill\u00e4 lailla liikkuma-aluettaan.&#8217;<\/em><\/span><\/p>\n","protected":false},"excerpt":{"rendered":"<p>&#8217;K\u00e4vin t\u00e4n\u00e4\u00e4n, kun vihdoinkin aurinko n\u00e4ytt\u00e4ytyi ja oli muutenkin uskomattoman komea p\u00e4iv\u00e4, Sallaaj\u00e4rven aarnialueella Jyv\u00e4skyl\u00e4n Taka-Keljossa. T\u00e4m\u00e4 on vuosittainen pyhiinvaellukseni menn\u00e4 katsomaan vanhaa mets\u00e4\u00e4 ja nauttimaan sen rauhasta. Alue on pieni ja vaatimaton, kaupungin kumina kantautuu sen joka kolkkaan eik\u00e4 &hellip; <a href=\"https:\/\/luopioistenkasvisto.fi\/blogi\/?p=2780\">Lue loppuun <span class=\"meta-nav\">&rarr;<\/span><\/a><\/p>\n","protected":false},"author":1,"featured_media":0,"comment_status":"open","ping_status":"open","sticky":false,"template":"","format":"standard","meta":{"iawp_total_views":15,"footnotes":""},"categories":[336],"tags":[501,165,464],"class_list":["post-2780","post","type-post","status-publish","format-standard","hentry","category-retket","tag-lahopuu","tag-metsanhoito","tag-vanhan-metsan-laji"],"_links":{"self":[{"href":"https:\/\/luopioistenkasvisto.fi\/blogi\/index.php?rest_route=\/wp\/v2\/posts\/2780","targetHints":{"allow":["GET"]}}],"collection":[{"href":"https:\/\/luopioistenkasvisto.fi\/blogi\/index.php?rest_route=\/wp\/v2\/posts"}],"about":[{"href":"https:\/\/luopioistenkasvisto.fi\/blogi\/index.php?rest_route=\/wp\/v2\/types\/post"}],"author":[{"embeddable":true,"href":"https:\/\/luopioistenkasvisto.fi\/blogi\/index.php?rest_route=\/wp\/v2\/users\/1"}],"replies":[{"embeddable":true,"href":"https:\/\/luopioistenkasvisto.fi\/blogi\/index.php?rest_route=%2Fwp%2Fv2%2Fcomments&post=2780"}],"version-history":[{"count":2,"href":"https:\/\/luopioistenkasvisto.fi\/blogi\/index.php?rest_route=\/wp\/v2\/posts\/2780\/revisions"}],"predecessor-version":[{"id":2785,"href":"https:\/\/luopioistenkasvisto.fi\/blogi\/index.php?rest_route=\/wp\/v2\/posts\/2780\/revisions\/2785"}],"wp:attachment":[{"href":"https:\/\/luopioistenkasvisto.fi\/blogi\/index.php?rest_route=%2Fwp%2Fv2%2Fmedia&parent=2780"}],"wp:term":[{"taxonomy":"category","embeddable":true,"href":"https:\/\/luopioistenkasvisto.fi\/blogi\/index.php?rest_route=%2Fwp%2Fv2%2Fcategories&post=2780"},{"taxonomy":"post_tag","embeddable":true,"href":"https:\/\/luopioistenkasvisto.fi\/blogi\/index.php?rest_route=%2Fwp%2Fv2%2Ftags&post=2780"}],"curies":[{"name":"wp","href":"https:\/\/api.w.org\/{rel}","templated":true}]}}