{"id":290,"date":"2011-11-10T09:01:00","date_gmt":"2011-11-10T07:01:00","guid":{"rendered":"http:\/\/tuomo123.blogit.fi\/?p=290"},"modified":"2013-04-21T18:06:23","modified_gmt":"2013-04-21T16:06:23","slug":"mansikoita-marraskuussa","status":"publish","type":"post","link":"https:\/\/luopioistenkasvisto.fi\/blogi\/?p=290","title":{"rendered":"Mansikoita marraskuussa"},"content":{"rendered":"<p style=\"text-align: center;\"><a href=\"https:\/\/luopioistenkasvisto.fi\/blogi\/wp-content\/uploads\/2011\/11\/mansikka.jpg\"><img loading=\"lazy\" decoding=\"async\" class=\"size-medium wp-image-1407 aligncenter\" alt=\"mansikka\" src=\"https:\/\/luopioistenkasvisto.fi\/blogi\/wp-content\/uploads\/2011\/11\/mansikka-300x168.jpg\" width=\"300\" height=\"168\" srcset=\"https:\/\/luopioistenkasvisto.fi\/blogi\/wp-content\/uploads\/2011\/11\/mansikka-300x168.jpg 300w, https:\/\/luopioistenkasvisto.fi\/blogi\/wp-content\/uploads\/2011\/11\/mansikka-500x281.jpg 500w, https:\/\/luopioistenkasvisto.fi\/blogi\/wp-content\/uploads\/2011\/11\/mansikka.jpg 640w\" sizes=\"auto, (max-width: 300px) 100vw, 300px\" \/><\/a><\/p>\n<p style=\"text-align: center;\"><span style=\"color: #008000;\"><em>&#8217; Pari p\u00e4iv\u00e4\u00e4 sitten oli aamun lehdess\u00e4 kuva ja teksti ihmeest\u00e4, joka oli ilmaantunut syksyn pime\u00e4\u00e4n. Itse l\u00f6ysin my\u00f6s tuon ihmeen omasta puutarhasta eilen (9.11.). Suojaisassa paikassa pensaan alla kiven kupeessa kukki ja marjoi kes\u00e4inen mansikka. Kovin ovat viel\u00e4 kalpeat nuo hedelm\u00e4t, mutta jahka saavat runsaasti t\u00e4t\u00e4 syksyist\u00e4 auringonpaistetta, niin eik\u00f6h\u00e4n ne viel\u00e4 punastu pelk\u00e4st\u00e4 mielihyv\u00e4st\u00e4, kun p\u00e4\u00e4siv\u00e4t julkisuuteen. Itsekin punastuin, kun omani kiikutti eteeni muutaman vuoden takaisen runonsa; oli omistanut sen minulle.&#8217;<\/em><\/span><\/p>\n<p style=\"text-align: center;\">KES\u00c4 TALVELLA<\/p>\n<p style=\"text-align: center;\">Mansikoita marraskuussa<br \/>\njuolukoita joulukuussa.<\/p>\n<p style=\"text-align: center;\">Tammikuussa sinitaivas<br \/>\npoutapilven kuljettaa.<br \/>\nHelmikuussa hein\u00e4n helpi<br \/>\nlempe\u00e4sti keinahtaa.<\/p>\n<p style=\"text-align: center;\">Kun vain olet l\u00e4hell\u00e4ni,<br \/>\nkes\u00e4 viipyy vierell\u00e4ni.<\/p>\n","protected":false},"excerpt":{"rendered":"<p>&#8217; Pari p\u00e4iv\u00e4\u00e4 sitten oli aamun lehdess\u00e4 kuva ja teksti ihmeest\u00e4, joka oli ilmaantunut syksyn pime\u00e4\u00e4n. Itse l\u00f6ysin my\u00f6s tuon ihmeen omasta puutarhasta eilen (9.11.). Suojaisassa paikassa pensaan alla kiven kupeessa kukki ja marjoi kes\u00e4inen mansikka. Kovin ovat viel\u00e4 kalpeat &hellip; <a href=\"https:\/\/luopioistenkasvisto.fi\/blogi\/?p=290\">Lue loppuun <span class=\"meta-nav\">&rarr;<\/span><\/a><\/p>\n","protected":false},"author":1,"featured_media":0,"comment_status":"open","ping_status":"open","sticky":false,"template":"","format":"standard","meta":{"iawp_total_views":5,"footnotes":""},"categories":[10],"tags":[159,210,231,260],"class_list":["post-290","post","type-post","status-publish","format-standard","hentry","category-tarinat-kuvasta","tag-marjat","tag-puutarha","tag-runo","tag-syksy"],"_links":{"self":[{"href":"https:\/\/luopioistenkasvisto.fi\/blogi\/index.php?rest_route=\/wp\/v2\/posts\/290","targetHints":{"allow":["GET"]}}],"collection":[{"href":"https:\/\/luopioistenkasvisto.fi\/blogi\/index.php?rest_route=\/wp\/v2\/posts"}],"about":[{"href":"https:\/\/luopioistenkasvisto.fi\/blogi\/index.php?rest_route=\/wp\/v2\/types\/post"}],"author":[{"embeddable":true,"href":"https:\/\/luopioistenkasvisto.fi\/blogi\/index.php?rest_route=\/wp\/v2\/users\/1"}],"replies":[{"embeddable":true,"href":"https:\/\/luopioistenkasvisto.fi\/blogi\/index.php?rest_route=%2Fwp%2Fv2%2Fcomments&post=290"}],"version-history":[{"count":3,"href":"https:\/\/luopioistenkasvisto.fi\/blogi\/index.php?rest_route=\/wp\/v2\/posts\/290\/revisions"}],"predecessor-version":[{"id":292,"href":"https:\/\/luopioistenkasvisto.fi\/blogi\/index.php?rest_route=\/wp\/v2\/posts\/290\/revisions\/292"}],"wp:attachment":[{"href":"https:\/\/luopioistenkasvisto.fi\/blogi\/index.php?rest_route=%2Fwp%2Fv2%2Fmedia&parent=290"}],"wp:term":[{"taxonomy":"category","embeddable":true,"href":"https:\/\/luopioistenkasvisto.fi\/blogi\/index.php?rest_route=%2Fwp%2Fv2%2Fcategories&post=290"},{"taxonomy":"post_tag","embeddable":true,"href":"https:\/\/luopioistenkasvisto.fi\/blogi\/index.php?rest_route=%2Fwp%2Fv2%2Ftags&post=290"}],"curies":[{"name":"wp","href":"https:\/\/api.w.org\/{rel}","templated":true}]}}