{"id":3354,"date":"2014-07-19T10:05:29","date_gmt":"2014-07-19T07:05:29","guid":{"rendered":"http:\/\/luopioistenkasvisto.fi\/blogi\/?p=3354"},"modified":"2014-07-17T20:06:01","modified_gmt":"2014-07-17T17:06:01","slug":"jakarandapuun-lapset","status":"publish","type":"post","link":"https:\/\/luopioistenkasvisto.fi\/blogi\/?p=3354","title":{"rendered":"Jakarandapuun lapset"},"content":{"rendered":"<p><span style=\"color: #008000;\"><em><a href=\"https:\/\/luopioistenkasvisto.fi\/blogi\/wp-content\/uploads\/2014\/07\/JAKARANDAPUUN-LAPSET.jpg\"><img loading=\"lazy\" decoding=\"async\" class=\"alignleft size-medium wp-image-3355\" src=\"https:\/\/luopioistenkasvisto.fi\/blogi\/wp-content\/uploads\/2014\/07\/JAKARANDAPUUN-LAPSET-190x300.jpg\" alt=\"JAKARANDAPUUN-LAPSET\" width=\"190\" height=\"300\" srcset=\"https:\/\/luopioistenkasvisto.fi\/blogi\/wp-content\/uploads\/2014\/07\/JAKARANDAPUUN-LAPSET-190x300.jpg 190w, https:\/\/luopioistenkasvisto.fi\/blogi\/wp-content\/uploads\/2014\/07\/JAKARANDAPUUN-LAPSET.jpg 634w\" sizes=\"auto, (max-width: 190px) 100vw, 190px\" \/><\/a><\/em><\/span><\/p>\n<p><span style=\"color: #008000;\"><em>&#8217;Edellinen arviointini oli kirjoitettu kirjasta, joka kertoi kuohuvasta Intiasta. Siin\u00e4 ei kovin paljon ollut v\u00e4kivaltaa, vaikka el\u00e4m\u00e4n vaikeuksia olikin. T\u00e4m\u00e4 nyt esill\u00e4 oleva romaani on sitten aivan eri maata. Iranin vallankumous ja\u00a0sota Irakia vastaan 1980-luvulla on ollut yksi l\u00e4hihistorian julmimpia aikoja ja tapahtumien\u00a0seuraukset tempovat maata edelleen. Aivan viime p\u00e4ivin\u00e4kin lehdist\u00e4 on saanut lukea pid\u00e4tyksist\u00e4, kielloista, rajoituksista ja saria-laeista, jotka alistavat toisinajattelijat ja etenkin naiset l\u00e4hes olemattoman asemaan Iranissa. Tuhannen ja yhden y\u00f6n tarinat ovat aikoinaan syntyneet\u00a0n\u00e4ill\u00e4 alueilla, t\u00e4m\u00e4 kirja lis\u00e4\u00e4 tarinoiden m\u00e4\u00e4r\u00e4\u00e4, mutta t\u00e4ss\u00e4 vain on yksi suuri ero, n\u00e4m\u00e4 ovat totta.&#8217;<\/em><\/span><\/p>\n<p>Kirja on tavallaan tarinakokoelma sotivasta Iranista 1980-luvulta nykyaikaan. Se kertoo nuorista, jotka olisivat halunneet toisenlaisen maan ja joiden ajatukset tukahdutettiin. Heid\u00e4t suljettiin vankiloihin ja he synnyttiv\u00e4t lapsensa siell\u00e4 ja joutuivat sitten luopumaan niist\u00e4. Kirja kertoo n\u00e4ist\u00e4 lapsista, jotka kasvoivat lapsuutensa isovanhempien huostassa jakarandapuun varjossa suurperhein\u00e4 ja jotka menettiv\u00e4t \u00e4itins\u00e4, is\u00e4ns\u00e4 tai molemmat puhdistuksissa, joissa suuri joukko toisinajattelijoita hirtettiin.<\/p>\n<p>Osa vangeista vapautui aikoinaan, hakivat lapsensa, jotka eiv\u00e4t heit\u00e4 en\u00e4\u00e4 tunteneet, asettuivat el\u00e4m\u00e4\u00e4n suljetussa yhteiskunnassa tai pakenivat ulkomaille. Kirjan lopussa lapset palaavat iso\u00e4idin luo, joka tekee kuolemaa. He ovat s\u00e4rkyneit\u00e4 lapsia, el\u00e4m\u00e4n kolhimia, vanhempansa kadottaneita, joille iso\u00e4iti oli el\u00e4m\u00e4n kiinnekohta ja arvo. Islamilainen vallankumous vei heilt\u00e4 lapsuuden ja se vei my\u00f6s tulevaisuuden, sill\u00e4 he eiv\u00e4t ikin\u00e4 p\u00e4\u00e4se eroon niist\u00e4 traumoista, jotka ovat lapsuudessaan saaneet.<\/p>\n<p>Kirja on voimakas kritiikki totalit\u00e4\u00e4rist\u00e4 yhteiskuntaa vastaan. Se tuomitsee tyrannian, naisen alistamisen ja mielipiteen vapauden rajoittamisen. Kirja ottaa vahvasti kantaa poliittiseen valtaan ja hallintoon. Kirjailija on itse kokenut osan kirjan tapahtumista. H\u00e4n on syntynyt Teheranilaiseen vankilaan, el\u00e4nyt Amerikassa ja Italiassa. Kirjan tarinat ovat osaltaan omael\u00e4m\u00e4kerrallisia. Ne vaikuttavat ensin hyvinkin irrallisislta: on synnytyskohtaus vankilassa, on is\u00e4 joka tekee korua lapselleen, on rakastumisia ja eroja. Lopussa ne kuitenkin nivoutuvat yhteen ja muodostavat kokonaisuuden, jos vain jaksaa pit\u00e4\u00e4 kaikki kymmenet henkil\u00f6t mieless\u00e4\u00e4n ja osaa sijoittaa heid\u00e4t oikeisiin lokeroihin suvussa. Vai onko se sitten niin kovin t\u00e4rke\u00e4\u00e4. Kun kirjan alussa vankilassa syntynyt lapsi kirjan lopussa juo onnellisen surullisena olutta poikayst\u00e4v\u00e4ns\u00e4 kanssa Torinon katukahvilassa, nauraa ja itkee samaan aikaan, saa kirja kauniin ja ylev\u00e4n kaaren.<\/p>\n<p>En tied\u00e4, onko t\u00e4m\u00e4 maailmankirjallisuutta, onko t\u00e4rke\u00e4\u00e4 tiet\u00e4\u00e4 n\u00e4ist\u00e4 asioista tai onko t\u00e4m\u00e4 edes hyvin kirjoitettu, mutta tarina sin\u00e4ll\u00e4\u00e4n on paitsi j\u00e4rkytt\u00e4v\u00e4 niin my\u00f6s tosi, sill\u00e4 t\u00e4llaistahan siell\u00e4 on lehtitietojen mukaan t\u00e4n\u00e4kin p\u00e4iv\u00e4n\u00e4, valitettavasti. Siksi ehk\u00e4 on syyt\u00e4 tiet\u00e4\u00e4 ja kuulla omakohtaista kerrontaa tuosta ajasta, vaikka itse ei siihen voikaan vaikuttaa eik\u00e4 edes ymm\u00e4rt\u00e4\u00e4 muuta kuin vain pienen osan ihmisten\u00a0k\u00e4rsimyksest\u00e4 ja tuskasta.<\/p>\n<p><em>Delijani, Sahar: Jakarandapuun lapset. WSOY, 2014 (suom. Laura J\u00e4nisniemi). 283 s.<\/em><\/p>\n","protected":false},"excerpt":{"rendered":"<p>&#8217;Edellinen arviointini oli kirjoitettu kirjasta, joka kertoi kuohuvasta Intiasta. Siin\u00e4 ei kovin paljon ollut v\u00e4kivaltaa, vaikka el\u00e4m\u00e4n vaikeuksia olikin. T\u00e4m\u00e4 nyt esill\u00e4 oleva romaani on sitten aivan eri maata. Iranin vallankumous ja\u00a0sota Irakia vastaan 1980-luvulla on ollut yksi l\u00e4hihistorian julmimpia &hellip; <a href=\"https:\/\/luopioistenkasvisto.fi\/blogi\/?p=3354\">Lue loppuun <span class=\"meta-nav\">&rarr;<\/span><\/a><\/p>\n","protected":false},"author":1,"featured_media":0,"comment_status":"open","ping_status":"open","sticky":false,"template":"","format":"standard","meta":{"iawp_total_views":10,"footnotes":""},"categories":[2],"tags":[29,53],"class_list":["post-3354","post","type-post","status-publish","format-standard","hentry","category-kirja-arvioinnit","tag-elamakerta","tag-historia"],"_links":{"self":[{"href":"https:\/\/luopioistenkasvisto.fi\/blogi\/index.php?rest_route=\/wp\/v2\/posts\/3354","targetHints":{"allow":["GET"]}}],"collection":[{"href":"https:\/\/luopioistenkasvisto.fi\/blogi\/index.php?rest_route=\/wp\/v2\/posts"}],"about":[{"href":"https:\/\/luopioistenkasvisto.fi\/blogi\/index.php?rest_route=\/wp\/v2\/types\/post"}],"author":[{"embeddable":true,"href":"https:\/\/luopioistenkasvisto.fi\/blogi\/index.php?rest_route=\/wp\/v2\/users\/1"}],"replies":[{"embeddable":true,"href":"https:\/\/luopioistenkasvisto.fi\/blogi\/index.php?rest_route=%2Fwp%2Fv2%2Fcomments&post=3354"}],"version-history":[{"count":3,"href":"https:\/\/luopioistenkasvisto.fi\/blogi\/index.php?rest_route=\/wp\/v2\/posts\/3354\/revisions"}],"predecessor-version":[{"id":3359,"href":"https:\/\/luopioistenkasvisto.fi\/blogi\/index.php?rest_route=\/wp\/v2\/posts\/3354\/revisions\/3359"}],"wp:attachment":[{"href":"https:\/\/luopioistenkasvisto.fi\/blogi\/index.php?rest_route=%2Fwp%2Fv2%2Fmedia&parent=3354"}],"wp:term":[{"taxonomy":"category","embeddable":true,"href":"https:\/\/luopioistenkasvisto.fi\/blogi\/index.php?rest_route=%2Fwp%2Fv2%2Fcategories&post=3354"},{"taxonomy":"post_tag","embeddable":true,"href":"https:\/\/luopioistenkasvisto.fi\/blogi\/index.php?rest_route=%2Fwp%2Fv2%2Ftags&post=3354"}],"curies":[{"name":"wp","href":"https:\/\/api.w.org\/{rel}","templated":true}]}}