{"id":369,"date":"2012-02-17T19:13:58","date_gmt":"2012-02-17T17:13:58","guid":{"rendered":"http:\/\/tuomo123.blogit.fi\/?p=369"},"modified":"2013-04-21T10:53:06","modified_gmt":"2013-04-21T08:53:06","slug":"petollista","status":"publish","type":"post","link":"https:\/\/luopioistenkasvisto.fi\/blogi\/?p=369","title":{"rendered":"Petollista"},"content":{"rendered":"<p style=\"text-align: center;\"><a href=\"http:\/\/tuomo123.blogit.fi\/files\/2012\/02\/calotropis_procera2.jpg\"><br \/>\n<a href=\"https:\/\/luopioistenkasvisto.fi\/blogi\/wp-content\/uploads\/2012\/02\/calotropis_procera2.jpg\"><img loading=\"lazy\" decoding=\"async\" class=\"size-medium wp-image-1321 aligncenter\" alt=\"calotropis_procera2\" src=\"https:\/\/luopioistenkasvisto.fi\/blogi\/wp-content\/uploads\/2012\/02\/calotropis_procera2-300x168.jpg\" width=\"300\" height=\"168\" srcset=\"https:\/\/luopioistenkasvisto.fi\/blogi\/wp-content\/uploads\/2012\/02\/calotropis_procera2-300x168.jpg 300w, https:\/\/luopioistenkasvisto.fi\/blogi\/wp-content\/uploads\/2012\/02\/calotropis_procera2-500x281.jpg 500w, https:\/\/luopioistenkasvisto.fi\/blogi\/wp-content\/uploads\/2012\/02\/calotropis_procera2.jpg 1024w\" sizes=\"auto, (max-width: 300px) 100vw, 300px\" \/><\/a><\/a><\/p>\n<p style=\"text-align: center;\"><span style=\"color: #008000;\"><em>&#8217;N\u00e4in talven keskell\u00e4 tuntuu, ettei luonnossa tapahdu mit\u00e4\u00e4n, vaikka se ei olekaan totta. Aina tapahtuu, t\u00e4n\u00e4\u00e4nkin n\u00e4in vuoden ensimm\u00e4isen pyyn. Alkuviikosta selailin viime vuoden kuvasatoa. Silmiini sattui joukko etel\u00e4nmatkan kukkakuvia ja ryhdyin tunnistamaan<\/em><\/span><span style=\"color: #008000;\"><em> niit\u00e4<\/em><\/span><span style=\"color: #008000;\"><em>. Erikoisin kasvi l\u00f6ytyi yll\u00e4 olevasta kuvasta.&#8217;<\/em><\/span><\/p>\n<p style=\"text-align: left;\">Kun otsikoin t\u00e4m\u00e4n kirjoituksen nimikkeell\u00e4 &#8217;Petollista&#8217;, tarkoitin sill\u00e4 tuon kasvin kauneutta. Ennen sanottiin, ett\u00e4 moni kakku p\u00e4\u00e4lt\u00e4 kaunis, vaan on silkkoa sis\u00e4lt\u00e4. Se taas sopii hyvin t\u00e4m\u00e4n kasvin hedelmiin. Kuvassa on aavikoiden ikivihanta pensas, jonka kukat ovat erityisen kauniit ja oikeastaan koko kasvikin. Kun keitaalla tai vadissa on muutenkin v\u00e4h\u00e4n kukkivia kasveja t\u00e4m\u00e4 erottuu hyvin ja edukseen. Kyseess\u00e4 on sodomanmadari (<em>Calotropis procera<\/em>). Sen voi tavata vain aavikkoalueilta ja itse kuvasin sen Omanista vuoriston alarinteiden kuivasta penkereest\u00e4 l\u00e4helt\u00e4 suurta keidasta. Se erottui kauas ja sen vahamaiset kukat houkuttelivat haistelemaan ja koskettelemaan.<\/p>\n<p style=\"text-align: center;\"><a href=\"https:\/\/luopioistenkasvisto.fi\/blogi\/wp-content\/uploads\/2012\/02\/calotropis_procera1.jpg\"><img loading=\"lazy\" decoding=\"async\" class=\"size-medium wp-image-1323 aligncenter\" alt=\"calotropis_procera1\" src=\"https:\/\/luopioistenkasvisto.fi\/blogi\/wp-content\/uploads\/2012\/02\/calotropis_procera1-300x168.jpg\" width=\"300\" height=\"168\" srcset=\"https:\/\/luopioistenkasvisto.fi\/blogi\/wp-content\/uploads\/2012\/02\/calotropis_procera1-300x168.jpg 300w, https:\/\/luopioistenkasvisto.fi\/blogi\/wp-content\/uploads\/2012\/02\/calotropis_procera1-500x281.jpg 500w, https:\/\/luopioistenkasvisto.fi\/blogi\/wp-content\/uploads\/2012\/02\/calotropis_procera1.jpg 1024w\" sizes=\"auto, (max-width: 300px) 100vw, 300px\" \/><\/a><\/p>\n<p style=\"text-align: left;\">T\u00e4t\u00e4 ei ole kuitenkaan syyt\u00e4 tehd\u00e4, mutta kun en sit\u00e4 tiennyt. Kasvi on nimitt\u00e4in tuoreena hyvin myrkyllinen, kuuluuhan se oleanterikasveihin, jossa on muitakin myrkkykasveja. Sen maitiaisneste silmiin joutuneena sokeuttaa ja aiheuttaa iholla pahoja allergisia reaktioita ja tulehduksia. Kasvin nestett\u00e4 on k\u00e4ytetty mm. nuolimyrkkyn\u00e4. Kuivana se on ennen ollut hy\u00f6dyllinen kasvi, sill\u00e4 sen oksia ja varsia on k\u00e4ytetty k\u00f6ysien ja verkkojen raaka-aineena. Kasvin suurten hedelmien siemenhaivenista taas on kuivattu patjant\u00e4ytett\u00e4. Se on siis ollut paikallisille asukkaille hy\u00f6tykasvi, kun sit\u00e4 on osattu k\u00e4sitell\u00e4. T\u00e4llainen pahainen turisti, menness\u00e4\u00e4n kopeloimaan sit\u00e4, olisi saattanut aiheuttaa itselleen elinik\u00e4isen vamman.<\/p>\n<p style=\"text-align: left;\">Eik\u00e4 t\u00e4ss\u00e4 viel\u00e4 kaikki. Kasvilla el\u00e4\u00e4 myrkyllinen el\u00e4inkin, hein\u00e4sirkka, joka uhattuna puolustautuu ruiskuttamalla myrkyllist\u00e4 nestett\u00e4 uhkaajansa p\u00e4\u00e4lle. T\u00e4llaista otusta en matkalla n\u00e4hnyt, sill\u00e4 koko huomio meni noihin kauniisiin kukkiin. Aina ei voi tiet\u00e4\u00e4, mit\u00e4 kauneuden alla piilee. Turistin olisikin oltava varovainen outojen kasvien kanssa.<\/p>\n<p style=\"text-align: left;\">Madari on tunnettu ikiajat, sill\u00e4 kirjatietojen mukaan siit\u00e4 kertoi jo roomalainen historioitsija <strong>Jusufus<\/strong>, joka kirjassaan juutalaissodista kertoo Sodoman kaupungin l\u00e4hell\u00e4 kasvavasta kauniista kasvista, jonka suuret hedelm\u00e4t eiv\u00e4t kelpaa sy\u00f6t\u00e4v\u00e4ksi, vaan poimittuna hajoavat k\u00e4siin savuksi ja tuhkaksi aivan kuin muinaiset kaupungit Raamatun mukaan. T\u00e4st\u00e4 kasvupaikastaan t\u00e4m\u00e4 kasvi on saanut nimens\u00e4kin.<\/p>\n","protected":false},"excerpt":{"rendered":"<p>&#8217;N\u00e4in talven keskell\u00e4 tuntuu, ettei luonnossa tapahdu mit\u00e4\u00e4n, vaikka se ei olekaan totta. Aina tapahtuu, t\u00e4n\u00e4\u00e4nkin n\u00e4in vuoden ensimm\u00e4isen pyyn. Alkuviikosta selailin viime vuoden kuvasatoa. Silmiini sattui joukko etel\u00e4nmatkan kukkakuvia ja ryhdyin tunnistamaan niit\u00e4. Erikoisin kasvi l\u00f6ytyi yll\u00e4 olevasta kuvasta.&#8217; &hellip; <a href=\"https:\/\/luopioistenkasvisto.fi\/blogi\/?p=369\">Lue loppuun <span class=\"meta-nav\">&rarr;<\/span><\/a><\/p>\n","protected":false},"author":1,"featured_media":0,"comment_status":"open","ping_status":"open","sticky":false,"template":"","format":"standard","meta":{"iawp_total_views":24,"footnotes":""},"categories":[10],"tags":[161,179],"class_list":["post-369","post","type-post","status-publish","format-standard","hentry","category-tarinat-kuvasta","tag-matka","tag-myrkyllinen"],"_links":{"self":[{"href":"https:\/\/luopioistenkasvisto.fi\/blogi\/index.php?rest_route=\/wp\/v2\/posts\/369","targetHints":{"allow":["GET"]}}],"collection":[{"href":"https:\/\/luopioistenkasvisto.fi\/blogi\/index.php?rest_route=\/wp\/v2\/posts"}],"about":[{"href":"https:\/\/luopioistenkasvisto.fi\/blogi\/index.php?rest_route=\/wp\/v2\/types\/post"}],"author":[{"embeddable":true,"href":"https:\/\/luopioistenkasvisto.fi\/blogi\/index.php?rest_route=\/wp\/v2\/users\/1"}],"replies":[{"embeddable":true,"href":"https:\/\/luopioistenkasvisto.fi\/blogi\/index.php?rest_route=%2Fwp%2Fv2%2Fcomments&post=369"}],"version-history":[{"count":3,"href":"https:\/\/luopioistenkasvisto.fi\/blogi\/index.php?rest_route=\/wp\/v2\/posts\/369\/revisions"}],"predecessor-version":[{"id":1322,"href":"https:\/\/luopioistenkasvisto.fi\/blogi\/index.php?rest_route=\/wp\/v2\/posts\/369\/revisions\/1322"}],"wp:attachment":[{"href":"https:\/\/luopioistenkasvisto.fi\/blogi\/index.php?rest_route=%2Fwp%2Fv2%2Fmedia&parent=369"}],"wp:term":[{"taxonomy":"category","embeddable":true,"href":"https:\/\/luopioistenkasvisto.fi\/blogi\/index.php?rest_route=%2Fwp%2Fv2%2Fcategories&post=369"},{"taxonomy":"post_tag","embeddable":true,"href":"https:\/\/luopioistenkasvisto.fi\/blogi\/index.php?rest_route=%2Fwp%2Fv2%2Ftags&post=369"}],"curies":[{"name":"wp","href":"https:\/\/api.w.org\/{rel}","templated":true}]}}