{"id":3829,"date":"2015-01-08T18:47:14","date_gmt":"2015-01-08T15:47:14","guid":{"rendered":"http:\/\/luopioistenkasvisto.fi\/blogi\/?p=3829"},"modified":"2015-01-28T17:10:57","modified_gmt":"2015-01-28T14:10:57","slug":"vuoden-yhteenvetoa","status":"publish","type":"post","link":"https:\/\/luopioistenkasvisto.fi\/blogi\/?p=3829","title":{"rendered":"Vuoden yhteenvetoa"},"content":{"rendered":"<p><a href=\"https:\/\/luopioistenkasvisto.fi\/blogi\/wp-content\/uploads\/2015\/01\/Kaamos.jpg\"><img loading=\"lazy\" decoding=\"async\" class=\"alignleft size-full wp-image-3830\" src=\"https:\/\/luopioistenkasvisto.fi\/blogi\/wp-content\/uploads\/2015\/01\/Kaamos.jpg\" alt=\"Kaamos\" width=\"1024\" height=\"678\" srcset=\"https:\/\/luopioistenkasvisto.fi\/blogi\/wp-content\/uploads\/2015\/01\/Kaamos.jpg 1024w, https:\/\/luopioistenkasvisto.fi\/blogi\/wp-content\/uploads\/2015\/01\/Kaamos-300x199.jpg 300w, https:\/\/luopioistenkasvisto.fi\/blogi\/wp-content\/uploads\/2015\/01\/Kaamos-453x300.jpg 453w\" sizes=\"auto, (max-width: 1024px) 100vw, 1024px\" \/><\/a><\/p>\n<p style=\"text-align: center;\">Kaamos on saanut jo v\u00e4ri\u00e4 loppusyksyn harmauteen verrattuna. Kunhan lunta tulisi viel\u00e4 v\u00e4h\u00e4n lis\u00e4\u00e4, alkaisi tuntua paremmin talvelta.<\/p>\n<p><span style=\"color: #008000;\"><em>&#8217;Vuosi on vaihtunut ja on yhteenvedon aika. Luopioisten kasvimaailma oli tarkastelun p\u00e4\u00e4asiallisena kohteena viime vuonnakin. Asetin itselleni vuosi sitten kaksi p\u00e4\u00e4m\u00e4\u00e4r\u00e4\u00e4: saada Luopioisten kasvikartoitus loppuun ja l\u00f6yt\u00e4\u00e4 alueelle uutta lajistoa. Edellinen tavoite ei toteutunut kokonaan. Kartoitus jatkui, mutta viel\u00e4kin j\u00e4i tekem\u00e4tt\u00e4 toista kymment\u00e4 neli\u00f6kilometriruutua. Kolusin ruutuja eri puolilla aluetta, etenkin Aitoossa. Siell\u00e4 ovat my\u00f6s viel\u00e4 tekem\u00e4tt\u00f6m\u00e4t ruudut. Uusia lajeja alueelle ei kartoituksessa l\u00f6ytynyt.\u00a0<\/em><\/span><\/p>\n<p><span style=\"color: #008000;\"><em>Tavoitteen toinen osuus eli uusien lajien l\u00f6ytyminen toteutui paremmin.\u00a0Putkilokasvien\u00a0uutuuksina merkitsin listoihin <a href=\"http:\/\/www.luopioistenkasvisto.fi\/Sivut\/Kasvilajit\/kananhirssi.html\">kananhirssin <\/a><\/em>(Echinochloa crus-galli)<em><em>, joka ilmaantui kukkapenkkiin Padankokskella, <a href=\"http:\/\/www.luopioistenkasvisto.fi\/Sivut\/Kasvilajit\/Marjasavikka.html\">marjasavikan <\/a><\/em>(Chenopodium foliosum)<em>, joka samalla tavalla esiintyi satunnaisena \u00c4mm\u00e4ts\u00e4ss\u00e4, <a href=\"http:\/\/www.luopioistenkasvisto.fi\/Sivut\/Kasvilajit\/Konnantatar.html\">konnantataren <\/a><\/em><\/em>(Bistorta officinalis)<em><em>, jota l\u00f6ytyi villiintyneen\u00e4 koristeena ja <a href=\"http:\/\/www.luopioistenkasvisto.fi\/Sivut\/Kasvilajit\/Harmio.html\">harmion <\/a><\/em><\/em>(Berteroa incana)<em><em>, jonka satunnaisesiintym\u00e4 l\u00f6ytyi Rautaj\u00e4rvelt\u00e4. N\u00e4it\u00e4 en viel\u00e4 ole ehtinyt siirt\u00e4\u00e4 sivuille, mutta t\u00e4ss\u00e4 talven aikana sekin tapahtuu. Luopioisista l\u00f6ydettyjen kasvilajien kokonaism\u00e4\u00e4r\u00e4 on nyt 746 lajia. <\/em><\/em><\/span><\/p>\n<p><span style=\"color: #008000;\"><em><em>Viel\u00e4 paremmin toteutui muiden ryhmien osalta: uusia sammalia l\u00f6ytyi kymmenen, j\u00e4k\u00e4li\u00e4 seitsem\u00e4n ja mikrosieni\u00e4 62 lajia. Sammalia Luopioisista on nyt l\u00f6ytynyt 350 lajia, mutta lis\u00e4ksi kohtaan <a href=\"http:\/\/www.luopioistenkasvisto.fi\/Sivut\/sammalet\/sammalet6.html\">muita sammalia<\/a> on liitetty 96 lajia, joiden kasvualueet ovat Luopioisten ulkopuolella. J\u00e4k\u00e4list\u00e4 edelleen puuttuvat l\u00e4hes kokonaan rupij\u00e4k\u00e4l\u00e4t, joista minulla ei ole tarvittavaa kirjallisuutta m\u00e4\u00e4rityksen tueksi. Mikrosienet liitin kasvisivuille vasta viime helmikuussa ja nykyinenkin lajim\u00e4\u00e4r\u00e4 on vasta pieni osa todellisesta m\u00e4\u00e4r\u00e4st\u00e4. T\u00e4m\u00e4 osio varmaan kasvaa tulevaisuudessa. <\/em><\/em><\/span><\/p>\n<p><span style=\"color: #008000;\"><em><em>Iloinen olen kaikista l\u00f6yd\u00f6ist\u00e4, mutta erikoisesti muutamien sammalten l\u00f6ytymisest\u00e4 alueelta. <a href=\"http:\/\/www.luopioistenkasvisto.fi\/Sivut\/sammalet\/isotumpurasammal.html\">Isotumpurasammalen<\/a>, josta oli erillinen postaus viime vuoden lopulla, l\u00f6ytyminen Rankkim\u00e4en j\u00e4teaseman kent\u00e4lt\u00e4 miellytti erityisesti. My\u00f6s pieni <a href=\"http:\/\/www.luopioistenkasvisto.fi\/Sivut\/sammalet\/ojakielisammal.html\">ojakielisammal<\/a> ja <a href=\"http:\/\/www.luopioistenkasvisto.fi\/Sivut\/sammalet\/sarvisammal.html\">sarvisammal<\/a> olivat mukavia tuttavuuksia. N\u00e4ist\u00e4 kaikista tuli ker\u00e4tty\u00e4 my\u00f6s n\u00e4ytteet. Vaikka vuoden\u00a0alussa p\u00e4\u00e4tin, ett\u00e4 rajoitan n\u00e4ytteiden keruuta, kun niit\u00e4 alkaa olla joka paikassa, niin siit\u00e4 huolimatta olen liimannut tai pussittanut liki viisisataa n\u00e4ytett\u00e4 viime vuoden aikana. T\u00e4n\u00e4 vuonna t\u00e4ytynee sit\u00e4 uudelleen vakavasti harkita.&#8217;<\/em><\/em><\/span><\/p>\n","protected":false},"excerpt":{"rendered":"<p>Kaamos on saanut jo v\u00e4ri\u00e4 loppusyksyn harmauteen verrattuna. Kunhan lunta tulisi viel\u00e4 v\u00e4h\u00e4n lis\u00e4\u00e4, alkaisi tuntua paremmin talvelta. &#8217;Vuosi on vaihtunut ja on yhteenvedon aika. Luopioisten kasvimaailma oli tarkastelun p\u00e4\u00e4asiallisena kohteena viime vuonnakin. Asetin itselleni vuosi sitten kaksi p\u00e4\u00e4m\u00e4\u00e4r\u00e4\u00e4: saada &hellip; <a href=\"https:\/\/luopioistenkasvisto.fi\/blogi\/?p=3829\">Lue loppuun <span class=\"meta-nav\">&rarr;<\/span><\/a><\/p>\n","protected":false},"author":1,"featured_media":0,"comment_status":"open","ping_status":"open","sticky":false,"template":"","format":"standard","meta":{"iawp_total_views":4,"footnotes":""},"categories":[4],"tags":[82,596],"class_list":["post-3829","post","type-post","status-publish","format-standard","hentry","category-luopioinen","tag-kartoitus","tag-keruu"],"_links":{"self":[{"href":"https:\/\/luopioistenkasvisto.fi\/blogi\/index.php?rest_route=\/wp\/v2\/posts\/3829","targetHints":{"allow":["GET"]}}],"collection":[{"href":"https:\/\/luopioistenkasvisto.fi\/blogi\/index.php?rest_route=\/wp\/v2\/posts"}],"about":[{"href":"https:\/\/luopioistenkasvisto.fi\/blogi\/index.php?rest_route=\/wp\/v2\/types\/post"}],"author":[{"embeddable":true,"href":"https:\/\/luopioistenkasvisto.fi\/blogi\/index.php?rest_route=\/wp\/v2\/users\/1"}],"replies":[{"embeddable":true,"href":"https:\/\/luopioistenkasvisto.fi\/blogi\/index.php?rest_route=%2Fwp%2Fv2%2Fcomments&post=3829"}],"version-history":[{"count":12,"href":"https:\/\/luopioistenkasvisto.fi\/blogi\/index.php?rest_route=\/wp\/v2\/posts\/3829\/revisions"}],"predecessor-version":[{"id":3870,"href":"https:\/\/luopioistenkasvisto.fi\/blogi\/index.php?rest_route=\/wp\/v2\/posts\/3829\/revisions\/3870"}],"wp:attachment":[{"href":"https:\/\/luopioistenkasvisto.fi\/blogi\/index.php?rest_route=%2Fwp%2Fv2%2Fmedia&parent=3829"}],"wp:term":[{"taxonomy":"category","embeddable":true,"href":"https:\/\/luopioistenkasvisto.fi\/blogi\/index.php?rest_route=%2Fwp%2Fv2%2Fcategories&post=3829"},{"taxonomy":"post_tag","embeddable":true,"href":"https:\/\/luopioistenkasvisto.fi\/blogi\/index.php?rest_route=%2Fwp%2Fv2%2Ftags&post=3829"}],"curies":[{"name":"wp","href":"https:\/\/api.w.org\/{rel}","templated":true}]}}