{"id":4332,"date":"2015-08-25T19:36:35","date_gmt":"2015-08-25T16:36:35","guid":{"rendered":"http:\/\/luopioistenkasvisto.fi\/blogi\/?p=4332"},"modified":"2015-08-25T19:36:35","modified_gmt":"2015-08-25T16:36:35","slug":"skaidilla","status":"publish","type":"post","link":"https:\/\/luopioistenkasvisto.fi\/blogi\/?p=4332","title":{"rendered":"Skaidilla"},"content":{"rendered":"<p><em><a href=\"https:\/\/luopioistenkasvisto.fi\/blogi\/wp-content\/uploads\/2015\/08\/skaidi1.jpg\"><img loading=\"lazy\" decoding=\"async\" class=\"aligncenter size-large wp-image-4333\" src=\"https:\/\/luopioistenkasvisto.fi\/blogi\/wp-content\/uploads\/2015\/08\/skaidi1-1024x576.jpg\" alt=\"skaidi1\" width=\"584\" height=\"329\" srcset=\"https:\/\/luopioistenkasvisto.fi\/blogi\/wp-content\/uploads\/2015\/08\/skaidi1-1024x576.jpg 1024w, https:\/\/luopioistenkasvisto.fi\/blogi\/wp-content\/uploads\/2015\/08\/skaidi1-300x169.jpg 300w, https:\/\/luopioistenkasvisto.fi\/blogi\/wp-content\/uploads\/2015\/08\/skaidi1-500x281.jpg 500w\" sizes=\"auto, (max-width: 584px) 100vw, 584px\" \/><\/a><span style=\"color: #008000;\">&#8217;Kes\u00e4tauko on takanap\u00e4in, samoin matka Kevolle! Viikoksi kokoonnuimme sammalretkille Kevon biologiselle asemalle. Retkeilimme Utsjoen alueella koluten puron varsia, soita ja paljakoita, rantoja ja pihamaita. Itse retkeilin ennen t\u00e4t\u00e4 viisi p\u00e4iv\u00e4\u00e4 Lemmenjoen kansallispuistossa samoissa merkeiss\u00e4. Niinp\u00e4 sammalia tuli n\u00e4hty\u00e4 monenmoisia, suuria ja pieni\u00e4, lehtisammalia ja maksasammalia. Itselleni eliksi\u00e4 eli ensi kerran n\u00e4htyj\u00e4 sammalia kertyi yli 30 kpl. Se on paljon ja varmaan n\u00e4ytteiden joukossa on viel\u00e4 lis\u00e4\u00e4, kunhan saan ne kaikki k\u00e4yty\u00e4 l\u00e4pi. Siihen kuluu kuitenkin aikaa, sill\u00e4 jokainen on tarkkaan syyn\u00e4tt\u00e4v\u00e4 skoopin alla ennen kuin laji selvi\u00e4\u00e4. <\/span><\/em><\/p>\n<p><em><span style=\"color: #008000;\">S\u00e4\u00e4t suosivat retkeily\u00e4. Uskomatonta, ett\u00e4 t\u00e4llaisen kes\u00e4n j\u00e4lkeen elokuussa voi seist\u00e4 skaidin laella ja katsella et\u00e4isyyteen t-paidassa ilman, ett\u00e4 tuuli tuivertaa tukkaa tai hyttyset sy\u00f6v\u00e4t ihon rikki. Aurinko paistoi aamusta iltaan. Soilla s\u00f6imme juuri kypsyneit\u00e4 hilloja, paljakoilla kaarnikkakin maistui. <\/span><\/em><\/p>\n<p><em><span style=\"color: #008000;\">Yl\u00e4kuva on otettu Gistuskaidilta Tenon yli Norjan gaissoille. Oikeassa laidassa komeilee Rastegaissa, jolle joskus olen toivonut viel\u00e4 nousevani. Alakuvassa on yksi mieluisista l\u00f6yd\u00f6ist\u00e4, kairasammal (Meesia triquetra). Se on alueellisesti uhanalainen suuressa osassa Suomea, vain Lapissa sill\u00e4 on enemm\u00e4n esiintymi\u00e4. T\u00e4m\u00e4 lettosoiden sammal on vaikea erottaa muista nuijasammalista. Aikanaan teen t\u00e4st\u00e4kin sammalesta sivun Luopioisten kasviston sammalsivuille, vaikka tuskin t\u00e4t\u00e4 sammalta t\u00e4\u00e4lt\u00e4 l\u00f6ytyy. Kukapa se kuitenkaan varmuudella osaa sanoa, pit\u00e4\u00e4 vain kulkea ja etsi\u00e4?<\/span><br \/>\n<\/em><\/p>\n<p><a href=\"https:\/\/luopioistenkasvisto.fi\/blogi\/wp-content\/uploads\/2015\/08\/Meesia.jpg\"><img loading=\"lazy\" decoding=\"async\" class=\"aligncenter size-medium wp-image-4334\" src=\"https:\/\/luopioistenkasvisto.fi\/blogi\/wp-content\/uploads\/2015\/08\/Meesia-300x300.jpg\" alt=\"Meesia\" width=\"300\" height=\"300\" srcset=\"https:\/\/luopioistenkasvisto.fi\/blogi\/wp-content\/uploads\/2015\/08\/Meesia-300x300.jpg 300w, https:\/\/luopioistenkasvisto.fi\/blogi\/wp-content\/uploads\/2015\/08\/Meesia-150x150.jpg 150w, https:\/\/luopioistenkasvisto.fi\/blogi\/wp-content\/uploads\/2015\/08\/Meesia.jpg 1024w\" sizes=\"auto, (max-width: 300px) 100vw, 300px\" \/><\/a><\/p>\n<p>&nbsp;<\/p>\n","protected":false},"excerpt":{"rendered":"<p>&#8217;Kes\u00e4tauko on takanap\u00e4in, samoin matka Kevolle! Viikoksi kokoonnuimme sammalretkille Kevon biologiselle asemalle. Retkeilimme Utsjoen alueella koluten puron varsia, soita ja paljakoita, rantoja ja pihamaita. Itse retkeilin ennen t\u00e4t\u00e4 viisi p\u00e4iv\u00e4\u00e4 Lemmenjoen kansallispuistossa samoissa merkeiss\u00e4. Niinp\u00e4 sammalia tuli n\u00e4hty\u00e4 monenmoisia, suuria &hellip; <a href=\"https:\/\/luopioistenkasvisto.fi\/blogi\/?p=4332\">Lue loppuun <span class=\"meta-nav\">&rarr;<\/span><\/a><\/p>\n","protected":false},"author":1,"featured_media":0,"comment_status":"open","ping_status":"open","sticky":false,"template":"","format":"standard","meta":{"iawp_total_views":8,"footnotes":""},"categories":[336,8],"tags":[130,342],"class_list":["post-4332","post","type-post","status-publish","format-standard","hentry","category-retket","category-sammalet-luopioinen","tag-lappi","tag-uhanalaisuus"],"_links":{"self":[{"href":"https:\/\/luopioistenkasvisto.fi\/blogi\/index.php?rest_route=\/wp\/v2\/posts\/4332","targetHints":{"allow":["GET"]}}],"collection":[{"href":"https:\/\/luopioistenkasvisto.fi\/blogi\/index.php?rest_route=\/wp\/v2\/posts"}],"about":[{"href":"https:\/\/luopioistenkasvisto.fi\/blogi\/index.php?rest_route=\/wp\/v2\/types\/post"}],"author":[{"embeddable":true,"href":"https:\/\/luopioistenkasvisto.fi\/blogi\/index.php?rest_route=\/wp\/v2\/users\/1"}],"replies":[{"embeddable":true,"href":"https:\/\/luopioistenkasvisto.fi\/blogi\/index.php?rest_route=%2Fwp%2Fv2%2Fcomments&post=4332"}],"version-history":[{"count":2,"href":"https:\/\/luopioistenkasvisto.fi\/blogi\/index.php?rest_route=\/wp\/v2\/posts\/4332\/revisions"}],"predecessor-version":[{"id":4336,"href":"https:\/\/luopioistenkasvisto.fi\/blogi\/index.php?rest_route=\/wp\/v2\/posts\/4332\/revisions\/4336"}],"wp:attachment":[{"href":"https:\/\/luopioistenkasvisto.fi\/blogi\/index.php?rest_route=%2Fwp%2Fv2%2Fmedia&parent=4332"}],"wp:term":[{"taxonomy":"category","embeddable":true,"href":"https:\/\/luopioistenkasvisto.fi\/blogi\/index.php?rest_route=%2Fwp%2Fv2%2Fcategories&post=4332"},{"taxonomy":"post_tag","embeddable":true,"href":"https:\/\/luopioistenkasvisto.fi\/blogi\/index.php?rest_route=%2Fwp%2Fv2%2Ftags&post=4332"}],"curies":[{"name":"wp","href":"https:\/\/api.w.org\/{rel}","templated":true}]}}