{"id":4815,"date":"2016-05-27T09:25:19","date_gmt":"2016-05-27T07:25:19","guid":{"rendered":"http:\/\/luopioistenkasvisto.fi\/blogi\/?p=4815"},"modified":"2016-05-27T09:25:19","modified_gmt":"2016-05-27T07:25:19","slug":"nopeus-2","status":"publish","type":"post","link":"https:\/\/luopioistenkasvisto.fi\/blogi\/?p=4815","title":{"rendered":"Nopeus"},"content":{"rendered":"<p><a href=\"https:\/\/luopioistenkasvisto.fi\/blogi\/wp-content\/uploads\/2016\/05\/leskenlehti.jpg\"><img loading=\"lazy\" decoding=\"async\" class=\"aligncenter size-large wp-image-4817\" src=\"https:\/\/luopioistenkasvisto.fi\/blogi\/wp-content\/uploads\/2016\/05\/leskenlehti-1024x576.jpg\" alt=\"OLYMPUS DIGITAL CAMERA\" width=\"584\" height=\"329\" srcset=\"https:\/\/luopioistenkasvisto.fi\/blogi\/wp-content\/uploads\/2016\/05\/leskenlehti.jpg 1024w, https:\/\/luopioistenkasvisto.fi\/blogi\/wp-content\/uploads\/2016\/05\/leskenlehti-300x169.jpg 300w, https:\/\/luopioistenkasvisto.fi\/blogi\/wp-content\/uploads\/2016\/05\/leskenlehti-768x432.jpg 768w, https:\/\/luopioistenkasvisto.fi\/blogi\/wp-content\/uploads\/2016\/05\/leskenlehti-500x281.jpg 500w\" sizes=\"auto, (max-width: 584px) 100vw, 584px\" \/><\/a><\/p>\n<p><span style=\"color: #008000;\"><em>&#8217;Kev\u00e4\u00e4n eteneminen ja kes\u00e4n tulo ovat t\u00e4n\u00e4 vuonna olleet huippunopeaa. Vasta \u00e4sken leskenlehdet viel\u00e4 kukkivat, nyt ne ovat jo h\u00f6ydyll\u00e4, kuten eilen ottamastani kuvasta n\u00e4kyy. T\u00e4m\u00e4 kev\u00e4\u00e4n ensiairut t\u00e4\u00e4ll\u00e4 sis\u00e4maassa on teht\u00e4v\u00e4ns\u00e4 t\u00e4lt\u00e4 vuodelta jo suurelta osin suorittanut eli j\u00e4lkel\u00e4istuotannon. Nyt sitten vain kasvatetaan yhteytt\u00e4vi\u00e4\u00a0&#8217;leskenlehti\u00e4&#8217; ja ker\u00e4t\u00e4\u00e4n ravintoa seuraavaa vuotta varten. Kokonaan ovat h\u00e4vinneet n\u00e4kyvist\u00e4 jo kev\u00e4tkynsim\u00f6t ja k\u00e4enrieskat. Pienet sipulikasvit katoavat nurmikon vehreyteen oikeastaan heti, kun kukinta on ohi tai leikkuri ajaa niiden yli.<\/em><\/span><\/p>\n<p><a href=\"https:\/\/luopioistenkasvisto.fi\/blogi\/wp-content\/uploads\/2016\/05\/omena.jpg\"><img loading=\"lazy\" decoding=\"async\" class=\"aligncenter size-large wp-image-4818\" src=\"https:\/\/luopioistenkasvisto.fi\/blogi\/wp-content\/uploads\/2016\/05\/omena-1024x576.jpg\" alt=\"OLYMPUS DIGITAL CAMERA\" width=\"584\" height=\"329\" srcset=\"https:\/\/luopioistenkasvisto.fi\/blogi\/wp-content\/uploads\/2016\/05\/omena.jpg 1024w, https:\/\/luopioistenkasvisto.fi\/blogi\/wp-content\/uploads\/2016\/05\/omena-300x169.jpg 300w, https:\/\/luopioistenkasvisto.fi\/blogi\/wp-content\/uploads\/2016\/05\/omena-768x432.jpg 768w, https:\/\/luopioistenkasvisto.fi\/blogi\/wp-content\/uploads\/2016\/05\/omena-500x281.jpg 500w\" sizes=\"auto, (max-width: 584px) 100vw, 584px\" \/><\/a><\/p>\n<p><span style=\"color: #008000;\"><em>Puissa huomaa saman. Tuomet olivat vasta huppusenaan kukkia, nyt ter\u00e4lehdet varisevat ja maa peittyy valkoiseen, kuten yl\u00e4kuvassa omenapuunkin alla. Toivottavasti p\u00f6rri\u00e4iset ehtiv\u00e4t suorittaa teht\u00e4v\u00e4ns\u00e4, muuten saamme turhaan odottaa loppukes\u00e4st\u00e4 satoa. Puiden kohdalla hedelm\u00e4n kasvattaminen kest\u00e4\u00e4 koko kes\u00e4n ja se on valmis vasta syyskuulla toisin kuin ruohokasveilla. <a href=\"https:\/\/luopioistenkasvisto.fi\/blogi\/wp-content\/uploads\/2016\/05\/taskuruoho.jpg\"><img loading=\"lazy\" decoding=\"async\" class=\"alignright size-medium wp-image-4820\" src=\"https:\/\/luopioistenkasvisto.fi\/blogi\/wp-content\/uploads\/2016\/05\/taskuruoho-300x300.jpg\" alt=\"taskuruoho\" width=\"300\" height=\"300\" srcset=\"https:\/\/luopioistenkasvisto.fi\/blogi\/wp-content\/uploads\/2016\/05\/taskuruoho-300x300.jpg 300w, https:\/\/luopioistenkasvisto.fi\/blogi\/wp-content\/uploads\/2016\/05\/taskuruoho-150x150.jpg 150w, https:\/\/luopioistenkasvisto.fi\/blogi\/wp-content\/uploads\/2016\/05\/taskuruoho-768x768.jpg 768w, https:\/\/luopioistenkasvisto.fi\/blogi\/wp-content\/uploads\/2016\/05\/taskuruoho.jpg 1024w\" sizes=\"auto, (max-width: 300px) 100vw, 300px\" \/><\/a>Kev\u00e4taskuruoho\u00a0varistaa jo siemeni\u00e4\u00e4n, leskenlehden h\u00f6yty ei lenn\u00e4, mutta ensimm\u00e4iset voikukan laskuvarjot liit\u00e4v\u00e4t jo uusille kasvupaikoille.<a href=\"https:\/\/luopioistenkasvisto.fi\/blogi\/wp-content\/uploads\/2016\/05\/voikukka-1.jpg\"><img loading=\"lazy\" decoding=\"async\" class=\"alignleft size-medium wp-image-4819\" src=\"https:\/\/luopioistenkasvisto.fi\/blogi\/wp-content\/uploads\/2016\/05\/voikukka-1-300x300.jpg\" alt=\"voikukka (1)\" width=\"300\" height=\"300\" srcset=\"https:\/\/luopioistenkasvisto.fi\/blogi\/wp-content\/uploads\/2016\/05\/voikukka-1-300x300.jpg 300w, https:\/\/luopioistenkasvisto.fi\/blogi\/wp-content\/uploads\/2016\/05\/voikukka-1-150x150.jpg 150w, https:\/\/luopioistenkasvisto.fi\/blogi\/wp-content\/uploads\/2016\/05\/voikukka-1-768x769.jpg 768w, https:\/\/luopioistenkasvisto.fi\/blogi\/wp-content\/uploads\/2016\/05\/voikukka-1.jpg 1023w\" sizes=\"auto, (max-width: 300px) 100vw, 300px\" \/><\/a><\/em><\/span>\u00a0<span style=\"color: #008000;\"><em>Niidenkin aika on lyhyt ja siemen p\u00e4\u00e4see maahan it\u00e4m\u00e4\u00e4n jo ennen oikean kes\u00e4n alkua. Tosin voikukka taitaa aika huonosti levit\u00e4 siemenist\u00e4, enemm\u00e4nkin kasvullisesti.<\/em><\/span><\/p>\n<p><span style=\"color: #008000;\"><em> Kukkaankin monet kasvit ovat entineet tavallista aikaisemmin: kurjenpolvi jo pari viikkoa sitten, vaikka sit\u00e4 juhannuskukaksi tituleerataan, leinikit tapasin viikon alussa ja olipa tiell\u00e4 jo valkoapilakin t\u00e4ydess\u00e4 loistossaan. Puutarhan polun laidassa p\u00e4iv\u00e4nkakkaran nupusta loistavat jo valkoisten ter\u00e4lehtien alut, ehtiik\u00f6h\u00e4n toukokuun puolella kukkaan. <\/em><\/span><\/p>\n<p><span style=\"color: #008000;\"><em>Nopeus on siis trendi t\u00e4n\u00e4 vuonna. Kylmin\u00e4 kev\u00e4in\u00e4 ja alkukesin\u00e4 kukat jurovat pitk\u00e4\u00e4n nuppunsa suojassa ja kukoistavatkin pitk\u00e4\u00e4n, kun p\u00f6lytt\u00e4j\u00e4t eiv\u00e4t liiku. Saamme nauttia kukkaloistosta kauan. Kuinkahan nyt k\u00e4y, onko juhannuksena en\u00e4\u00e4 ollenkaan kukkia kukoistamassa vai saako tyynyn alle noukkia jo horsmia, loppukes\u00e4n kukkia?&#8217;<\/em><\/span><\/p>\n","protected":false},"excerpt":{"rendered":"<p>&#8217;Kev\u00e4\u00e4n eteneminen ja kes\u00e4n tulo ovat t\u00e4n\u00e4 vuonna olleet huippunopeaa. Vasta \u00e4sken leskenlehdet viel\u00e4 kukkivat, nyt ne ovat jo h\u00f6ydyll\u00e4, kuten eilen ottamastani kuvasta n\u00e4kyy. T\u00e4m\u00e4 kev\u00e4\u00e4n ensiairut t\u00e4\u00e4ll\u00e4 sis\u00e4maassa on teht\u00e4v\u00e4ns\u00e4 t\u00e4lt\u00e4 vuodelta jo suurelta osin suorittanut eli j\u00e4lkel\u00e4istuotannon. &hellip; <a href=\"https:\/\/luopioistenkasvisto.fi\/blogi\/?p=4815\">Lue loppuun <span class=\"meta-nav\">&rarr;<\/span><\/a><\/p>\n","protected":false},"author":1,"featured_media":0,"comment_status":"open","ping_status":"open","sticky":false,"template":"","format":"standard","meta":{"iawp_total_views":2,"footnotes":""},"categories":[6,11],"tags":[610,323,95,683],"class_list":["post-4815","post","type-post","status-publish","format-standard","hentry","category-putkilokasvit","category-yleista","tag-kasvu","tag-kesa","tag-kevat","tag-siemen"],"_links":{"self":[{"href":"https:\/\/luopioistenkasvisto.fi\/blogi\/index.php?rest_route=\/wp\/v2\/posts\/4815","targetHints":{"allow":["GET"]}}],"collection":[{"href":"https:\/\/luopioistenkasvisto.fi\/blogi\/index.php?rest_route=\/wp\/v2\/posts"}],"about":[{"href":"https:\/\/luopioistenkasvisto.fi\/blogi\/index.php?rest_route=\/wp\/v2\/types\/post"}],"author":[{"embeddable":true,"href":"https:\/\/luopioistenkasvisto.fi\/blogi\/index.php?rest_route=\/wp\/v2\/users\/1"}],"replies":[{"embeddable":true,"href":"https:\/\/luopioistenkasvisto.fi\/blogi\/index.php?rest_route=%2Fwp%2Fv2%2Fcomments&post=4815"}],"version-history":[{"count":3,"href":"https:\/\/luopioistenkasvisto.fi\/blogi\/index.php?rest_route=\/wp\/v2\/posts\/4815\/revisions"}],"predecessor-version":[{"id":4822,"href":"https:\/\/luopioistenkasvisto.fi\/blogi\/index.php?rest_route=\/wp\/v2\/posts\/4815\/revisions\/4822"}],"wp:attachment":[{"href":"https:\/\/luopioistenkasvisto.fi\/blogi\/index.php?rest_route=%2Fwp%2Fv2%2Fmedia&parent=4815"}],"wp:term":[{"taxonomy":"category","embeddable":true,"href":"https:\/\/luopioistenkasvisto.fi\/blogi\/index.php?rest_route=%2Fwp%2Fv2%2Fcategories&post=4815"},{"taxonomy":"post_tag","embeddable":true,"href":"https:\/\/luopioistenkasvisto.fi\/blogi\/index.php?rest_route=%2Fwp%2Fv2%2Ftags&post=4815"}],"curies":[{"name":"wp","href":"https:\/\/api.w.org\/{rel}","templated":true}]}}