{"id":4897,"date":"2016-07-07T14:50:31","date_gmt":"2016-07-07T12:50:31","guid":{"rendered":"http:\/\/luopioistenkasvisto.fi\/blogi\/?p=4897"},"modified":"2016-07-07T14:50:31","modified_gmt":"2016-07-07T12:50:31","slug":"pikimustikka","status":"publish","type":"post","link":"https:\/\/luopioistenkasvisto.fi\/blogi\/?p=4897","title":{"rendered":"Pikimustikka"},"content":{"rendered":"<p><a href=\"https:\/\/luopioistenkasvisto.fi\/blogi\/wp-content\/uploads\/2016\/07\/pikimustikka.jpg\"><img loading=\"lazy\" decoding=\"async\" class=\"aligncenter size-large wp-image-4898\" src=\"https:\/\/luopioistenkasvisto.fi\/blogi\/wp-content\/uploads\/2016\/07\/pikimustikka-1024x576.jpg\" alt=\"OLYMPUS DIGITAL CAMERA\" width=\"584\" height=\"329\" srcset=\"https:\/\/luopioistenkasvisto.fi\/blogi\/wp-content\/uploads\/2016\/07\/pikimustikka.jpg 1024w, https:\/\/luopioistenkasvisto.fi\/blogi\/wp-content\/uploads\/2016\/07\/pikimustikka-300x169.jpg 300w, https:\/\/luopioistenkasvisto.fi\/blogi\/wp-content\/uploads\/2016\/07\/pikimustikka-768x432.jpg 768w, https:\/\/luopioistenkasvisto.fi\/blogi\/wp-content\/uploads\/2016\/07\/pikimustikka-500x281.jpg 500w\" sizes=\"auto, (max-width: 584px) 100vw, 584px\" \/><\/a><\/p>\n<p><span style=\"color: #008000;\"><em>&#8217;Kaikista pessimistisist\u00e4 ennustuksista huolimatta mustikkasadosta taitaa tulla varsin hyv\u00e4. Olen t\u00e4ll\u00e4 viikolla kierrellyt Luopioisten viimeisi\u00e4 tekem\u00e4tt\u00f6mi\u00e4 kasviruutuja Aitoon suunnalla ja seurannut mustikan kypsymist\u00e4. Alkuviikosta viel\u00e4 vihert\u00e4v\u00e4t mustikat ovat alkaneet saada v\u00e4hitellen v\u00e4ri\u00e4 ja t\u00e4n\u00e4\u00e4n n\u00e4in jo ensimm\u00e4iset poimijat koppineen m\u00e4tt\u00e4ik\u00f6ss\u00e4. Kaikki marjat eiv\u00e4t viel\u00e4 ole kypsi\u00e4, joten poimurin kanssa ei kannata marjaan l\u00e4hte\u00e4. Piirakkamarjat sielt\u00e4 kyll\u00e4 saa. Marjaa tuntuu olevan erityisesti m\u00e4kien rinteill\u00e4 varjoisilla kohdilla tai ainakin sellaisilla olen niit\u00e4 itse n\u00e4hnyt. <\/em><\/span><\/p>\n<p><span style=\"color: #008000;\"><em>Mustikkaa voi poimia viel\u00e4 pitk\u00e4\u00e4n. Viime syksyn\u00e4 ker\u00e4sin poimurilla\u00a0pari sangollista mustikkaa samaan aikaan kuin puolukkaakin. Hieman ne olivat vetisi\u00e4, mutta hyv\u00e4\u00e4 mehua niist\u00e4 tuli. Radiossa kuulutettiin, ett\u00e4 poimijat ovat l\u00e4ht\u00f6kuopissaan Thaimaassa ja yli 3000 ty\u00f6viisumia on my\u00f6nnetty t\u00e4n\u00e4 vuonna uutterille matkaajille. Marjaa riitt\u00e4\u00e4 meille kaikille, jos vaan haluamme niit\u00e4 poimia. <\/em><\/span><\/p>\n<p><span style=\"color: #008000;\"><em>T\u00e4n\u00e4\u00e4n tuli\u00a0<\/em>Tiede-<em>lehden hein\u00e4kuun numero, ja siin\u00e4 kerrottiin, ett\u00e4 huippuvuosina mets\u00e4mme tuottavat yli 300 miljoonaa kiloa mustikoita, josta ihmiset ker\u00e4\u00e4v\u00e4t alle 15 %, el\u00e4imet sy\u00f6v\u00e4t lopuista osan ja vihon viimeinen osuus tippuu maahan, josta pieneli\u00f6t pist\u00e4v\u00e4t sen poskeensa. Kaikki k\u00e4ytet\u00e4\u00e4n. <\/em><\/span><\/p>\n<p><span style=\"color: #008000;\"><em>Mustikalla on parikin v\u00e4rimuotoa. Yleisempi on kuvan pikimustikka, jossa marjan pinnalle ei muodostu sinert\u00e4v\u00e4\u00e4 vahapeitett\u00e4 ollenkaan ja mustikka on silloin kuvan n\u00e4k\u00f6inen. N\u00e4it\u00e4 mustikoita tapaa metsist\u00e4 vuosittain. Harvinaisempi v\u00e4rimuoto on v\u00e4rit\u00f6n tai vihert\u00e4v\u00e4 mustikka. Siihen ei sinist\u00e4 eik\u00e4 mustaakaan v\u00e4ri\u00e4 muodostu ollenkaan. Sellaisiakin olen pari kertaa tavannut. Ensin luulin marjoja raaoiksi, mutta oikeilta ne maistuivat ja ihan kypsilt\u00e4 tuntuivat. Kannattaa siis ottaa nekin talteen, jos vastaan tulee. Ravintoarvoista en tied\u00e4, mutta maku ainakin on sama. Hyvi\u00e4 marjareissuja!&#8217;<\/em><\/span><\/p>\n","protected":false},"excerpt":{"rendered":"<p>&#8217;Kaikista pessimistisist\u00e4 ennustuksista huolimatta mustikkasadosta taitaa tulla varsin hyv\u00e4. Olen t\u00e4ll\u00e4 viikolla kierrellyt Luopioisten viimeisi\u00e4 tekem\u00e4tt\u00f6mi\u00e4 kasviruutuja Aitoon suunnalla ja seurannut mustikan kypsymist\u00e4. Alkuviikosta viel\u00e4 vihert\u00e4v\u00e4t mustikat ovat alkaneet saada v\u00e4hitellen v\u00e4ri\u00e4 ja t\u00e4n\u00e4\u00e4n n\u00e4in jo ensimm\u00e4iset poimijat koppineen m\u00e4tt\u00e4ik\u00f6ss\u00e4. &hellip; <a href=\"https:\/\/luopioistenkasvisto.fi\/blogi\/?p=4897\">Lue loppuun <span class=\"meta-nav\">&rarr;<\/span><\/a><\/p>\n","protected":false},"author":1,"featured_media":0,"comment_status":"open","ping_status":"open","sticky":false,"template":"","format":"standard","meta":{"iawp_total_views":7,"footnotes":""},"categories":[6],"tags":[596,159,711],"class_list":["post-4897","post","type-post","status-publish","format-standard","hentry","category-putkilokasvit","tag-keruu","tag-marjat","tag-satokausi"],"_links":{"self":[{"href":"https:\/\/luopioistenkasvisto.fi\/blogi\/index.php?rest_route=\/wp\/v2\/posts\/4897","targetHints":{"allow":["GET"]}}],"collection":[{"href":"https:\/\/luopioistenkasvisto.fi\/blogi\/index.php?rest_route=\/wp\/v2\/posts"}],"about":[{"href":"https:\/\/luopioistenkasvisto.fi\/blogi\/index.php?rest_route=\/wp\/v2\/types\/post"}],"author":[{"embeddable":true,"href":"https:\/\/luopioistenkasvisto.fi\/blogi\/index.php?rest_route=\/wp\/v2\/users\/1"}],"replies":[{"embeddable":true,"href":"https:\/\/luopioistenkasvisto.fi\/blogi\/index.php?rest_route=%2Fwp%2Fv2%2Fcomments&post=4897"}],"version-history":[{"count":2,"href":"https:\/\/luopioistenkasvisto.fi\/blogi\/index.php?rest_route=\/wp\/v2\/posts\/4897\/revisions"}],"predecessor-version":[{"id":4900,"href":"https:\/\/luopioistenkasvisto.fi\/blogi\/index.php?rest_route=\/wp\/v2\/posts\/4897\/revisions\/4900"}],"wp:attachment":[{"href":"https:\/\/luopioistenkasvisto.fi\/blogi\/index.php?rest_route=%2Fwp%2Fv2%2Fmedia&parent=4897"}],"wp:term":[{"taxonomy":"category","embeddable":true,"href":"https:\/\/luopioistenkasvisto.fi\/blogi\/index.php?rest_route=%2Fwp%2Fv2%2Fcategories&post=4897"},{"taxonomy":"post_tag","embeddable":true,"href":"https:\/\/luopioistenkasvisto.fi\/blogi\/index.php?rest_route=%2Fwp%2Fv2%2Ftags&post=4897"}],"curies":[{"name":"wp","href":"https:\/\/api.w.org\/{rel}","templated":true}]}}