{"id":4931,"date":"2016-08-27T08:48:22","date_gmt":"2016-08-27T06:48:22","guid":{"rendered":"http:\/\/luopioistenkasvisto.fi\/blogi\/?p=4931"},"modified":"2016-08-27T08:48:22","modified_gmt":"2016-08-27T06:48:22","slug":"suomen-luonnon-paiva-2","status":"publish","type":"post","link":"https:\/\/luopioistenkasvisto.fi\/blogi\/?p=4931","title":{"rendered":"Suomen luonnon p\u00e4iv\u00e4"},"content":{"rendered":"<p><a href=\"https:\/\/luopioistenkasvisto.fi\/blogi\/wp-content\/uploads\/2016\/08\/kurkisuo.jpg\"><img loading=\"lazy\" decoding=\"async\" class=\"aligncenter size-large wp-image-4932\" src=\"https:\/\/luopioistenkasvisto.fi\/blogi\/wp-content\/uploads\/2016\/08\/kurkisuo-1024x576.jpg\" alt=\"kurkisuo\" width=\"584\" height=\"329\" srcset=\"https:\/\/luopioistenkasvisto.fi\/blogi\/wp-content\/uploads\/2016\/08\/kurkisuo-1024x576.jpg 1024w, https:\/\/luopioistenkasvisto.fi\/blogi\/wp-content\/uploads\/2016\/08\/kurkisuo-300x169.jpg 300w, https:\/\/luopioistenkasvisto.fi\/blogi\/wp-content\/uploads\/2016\/08\/kurkisuo-768x432.jpg 768w, https:\/\/luopioistenkasvisto.fi\/blogi\/wp-content\/uploads\/2016\/08\/kurkisuo-500x281.jpg 500w\" sizes=\"auto, (max-width: 584px) 100vw, 584px\" \/><\/a><\/p>\n<p><span style=\"color: #008000;\"><em>&#8217;T\u00e4n\u00e4\u00e4n vietet\u00e4\u00e4n Suomen luonnon p\u00e4iv\u00e4\u00e4! Maamme 100-vuotisjuhlallisuuksiin liittyv\u00e4 tapahtumasarja pit\u00e4\u00e4 sis\u00e4ll\u00e4\u00e4n nelj\u00e4 p\u00e4iv\u00e4\u00e4, jolloin toimitaan luonnon puolesta ja luonnossa. \u00a0T\u00e4m\u00e4n nelj\u00e4nnen p\u00e4iv\u00e4n suojelijana on tasavallan presidentti puolisoineen ja p\u00e4iv\u00e4n aikana j\u00e4rjestet\u00e4\u00e4n tapahtumia ymp\u00e4ri maan. Teeman puitteissa on tehty koko vuoden\u00a0retki\u00e4, tutustuttu n\u00e4yttelyihin, k\u00e4yty luontotiloilla, osallistuttu miljoonan p\u00f6nt\u00f6n talkoisiin, oltu luonnossa, j\u00e4rjestetty talkoita, suojeltu It\u00e4merta jne. Paljon hienoa toimintaa. N\u00e4ist\u00e4 saa tietoa <a href=\"http:\/\/www.sll.fi\">Luonnonsuojeluliiton<\/a> sivuilta, <a href=\"http:\/\/www.sll.fi\/site-actions\/yhteystiedot\/piirit\">piirien<\/a> toimintapalstoilta ja <a href=\"https:\/\/www.luonnonpaivat.fi\/info\/luonnonpaiva2016\/\">luonnonp\u00e4iv\u00e4n<\/a> sivulta. Ei muuta kuin kaikki mukaan toimimaan, ei vain t\u00e4n\u00e4\u00e4n, vaan ymp\u00e4ri vuoden. <\/em><\/span><\/p>\n<p><span style=\"color: #008000;\"><em>Itse en t\u00e4n\u00e4\u00e4n p\u00e4\u00e4se mukaan, sill\u00e4 pakkaan tavaroita koko ensi viikon kest\u00e4v\u00e4lle luontoretkelle Sallaan. Sinne kokoontuvat sammalharrastajat kartoittamaan Tuntsan er\u00e4maan sammalharvinaisuuksia. Oikeastaan siis koko ensi viikko menee maamme uskomattoman monipuolisen luonnon tarkkailussa ja inventoinnissa. Varmaankin\u00a0tuon sielt\u00e4 my\u00f6s t\u00e4h\u00e4n blogiin joitakin n\u00e4ytteit\u00e4 kuvien muodossa retkeilyn j\u00e4lkeen.&#8217;<\/em><\/span><\/p>\n","protected":false},"excerpt":{"rendered":"<p>&#8217;T\u00e4n\u00e4\u00e4n vietet\u00e4\u00e4n Suomen luonnon p\u00e4iv\u00e4\u00e4! Maamme 100-vuotisjuhlallisuuksiin liittyv\u00e4 tapahtumasarja pit\u00e4\u00e4 sis\u00e4ll\u00e4\u00e4n nelj\u00e4 p\u00e4iv\u00e4\u00e4, jolloin toimitaan luonnon puolesta ja luonnossa. \u00a0T\u00e4m\u00e4n nelj\u00e4nnen p\u00e4iv\u00e4n suojelijana on tasavallan presidentti puolisoineen ja p\u00e4iv\u00e4n aikana j\u00e4rjestet\u00e4\u00e4n tapahtumia ymp\u00e4ri maan. Teeman puitteissa on tehty koko vuoden\u00a0retki\u00e4, &hellip; <a href=\"https:\/\/luopioistenkasvisto.fi\/blogi\/?p=4931\">Lue loppuun <span class=\"meta-nav\">&rarr;<\/span><\/a><\/p>\n","protected":false},"author":1,"featured_media":0,"comment_status":"open","ping_status":"open","sticky":false,"template":"","format":"standard","meta":{"iawp_total_views":5,"footnotes":""},"categories":[336,11],"tags":[148,715,716],"class_list":["post-4931","post","type-post","status-publish","format-standard","hentry","category-retket","category-yleista","tag-luonnonsuojelu","tag-retket","tag-toiminta"],"_links":{"self":[{"href":"https:\/\/luopioistenkasvisto.fi\/blogi\/index.php?rest_route=\/wp\/v2\/posts\/4931","targetHints":{"allow":["GET"]}}],"collection":[{"href":"https:\/\/luopioistenkasvisto.fi\/blogi\/index.php?rest_route=\/wp\/v2\/posts"}],"about":[{"href":"https:\/\/luopioistenkasvisto.fi\/blogi\/index.php?rest_route=\/wp\/v2\/types\/post"}],"author":[{"embeddable":true,"href":"https:\/\/luopioistenkasvisto.fi\/blogi\/index.php?rest_route=\/wp\/v2\/users\/1"}],"replies":[{"embeddable":true,"href":"https:\/\/luopioistenkasvisto.fi\/blogi\/index.php?rest_route=%2Fwp%2Fv2%2Fcomments&post=4931"}],"version-history":[{"count":1,"href":"https:\/\/luopioistenkasvisto.fi\/blogi\/index.php?rest_route=\/wp\/v2\/posts\/4931\/revisions"}],"predecessor-version":[{"id":4933,"href":"https:\/\/luopioistenkasvisto.fi\/blogi\/index.php?rest_route=\/wp\/v2\/posts\/4931\/revisions\/4933"}],"wp:attachment":[{"href":"https:\/\/luopioistenkasvisto.fi\/blogi\/index.php?rest_route=%2Fwp%2Fv2%2Fmedia&parent=4931"}],"wp:term":[{"taxonomy":"category","embeddable":true,"href":"https:\/\/luopioistenkasvisto.fi\/blogi\/index.php?rest_route=%2Fwp%2Fv2%2Fcategories&post=4931"},{"taxonomy":"post_tag","embeddable":true,"href":"https:\/\/luopioistenkasvisto.fi\/blogi\/index.php?rest_route=%2Fwp%2Fv2%2Ftags&post=4931"}],"curies":[{"name":"wp","href":"https:\/\/api.w.org\/{rel}","templated":true}]}}