{"id":55,"date":"2010-04-04T20:41:45","date_gmt":"2010-04-04T18:41:45","guid":{"rendered":"http:\/\/tuomo123.blogit.fi\/?p=55"},"modified":"2013-04-23T07:16:37","modified_gmt":"2013-04-23T05:16:37","slug":"portugalin-kevat","status":"publish","type":"post","link":"https:\/\/luopioistenkasvisto.fi\/blogi\/?p=55","title":{"rendered":"Portugalin kev\u00e4t"},"content":{"rendered":"<p style=\"text-align: center;\"><a href=\"https:\/\/luopioistenkasvisto.fi\/blogi\/wp-content\/uploads\/2010\/04\/kilkkaruoho.jpg\"><img loading=\"lazy\" decoding=\"async\" class=\"size-medium wp-image-1661 aligncenter\" alt=\"kilkkaruoho\" src=\"https:\/\/luopioistenkasvisto.fi\/blogi\/wp-content\/uploads\/2010\/04\/kilkkaruoho-300x225.jpg\" width=\"300\" height=\"225\" srcset=\"https:\/\/luopioistenkasvisto.fi\/blogi\/wp-content\/uploads\/2010\/04\/kilkkaruoho-300x225.jpg 300w, https:\/\/luopioistenkasvisto.fi\/blogi\/wp-content\/uploads\/2010\/04\/kilkkaruoho-400x300.jpg 400w, https:\/\/luopioistenkasvisto.fi\/blogi\/wp-content\/uploads\/2010\/04\/kilkkaruoho.jpg 1024w\" sizes=\"auto, (max-width: 300px) 100vw, 300px\" \/><\/a><\/p>\n<p style=\"text-align: center;\"><span style=\"color: #008000;\"><em>Make kyseli, mit\u00e4 Portugalin kasvillisuuteen kuului. T\u00e4ss\u00e4 malliksi kilkkaruoho. Alempana joitakin huomioita itse matkasta ja sen tapahtumista.<\/em><\/span><\/p>\n<p style=\"text-align: left;\">Talvi on ollut kova ja runsasluminen Iberian niemimaallakin. Muutama viikko ennen matkaamme Pyreneiden alueella satoi enn\u00e4tyksellisesti lunta ja paikoin se kerrostui jopa nelj\u00e4n metrin kinoksiksi. Maaliskuun kolmannella viikolla ainakaan Lissabonissa ei ollut kuitenkaan talvesta en\u00e4\u00e4 tietoakaan. Tosin kev\u00e4t oli vasta alussa eik\u00e4 esimerkiksi kasvillisuus ollut viel\u00e4 viikon alussa p\u00e4\u00e4ssyt juuri mink\u00e4\u00e4nlaiseen vauhtiin. Viikon lopulla rikkaruohot kukkivat jo n\u00e4ytt\u00e4v\u00e4sti. Katselin my\u00f6s puita, mutta niiden kukat antoivat viel\u00e4 odottaa. Kirsikka aloitteli, jakarandan violetit kukkatertut ilmaantuivat ihan viimeisin\u00e4 p\u00e4ivin\u00e4, samoin mimoosapensaat puhkesivat kukkaan silloin, mutta varsinainen loisto puuttui.<\/p>\n<p style=\"text-align: left;\">En tehnyt mit\u00e4\u00e4n merkint\u00f6j\u00e4 kukista enk\u00e4 puista, mutta k\u00e4ytin kyll\u00e4 runsaasti aikaa niiden katseluun. Viimeisen\u00e4 p\u00e4iv\u00e4n\u00e4 ajattelin ottaa sitten muutaman matkamuiston n\u00e4ytteeksi ja hieman valokuvata parhaita kasveja, mutta huono ilma eli voimakas tuuli ja sadekuurot estiv\u00e4t t\u00e4m\u00e4n suunnitelman toteutumisen. Samoja kasveja ne p\u00e4\u00e4asiassa kuitenkin olivat, kuin ne, joita olen n\u00e4hnyt muuallakin Etel\u00e4-Euroopassa.<\/p>\n<p style=\"text-align: left;\">Upea paikka Lissabonissa on Jardin Botanico. Yleens\u00e4 k\u00e4yn aina matkalla kaupungin kasvitieteellisess\u00e4 puutarhassa. Niin t\u00e4ll\u00e4kin kerralla. Puisto sijaitsi keskell\u00e4 kaupunkia m\u00e4enrinteess\u00e4 ja se vaikutti hyvinkin vanhalta. Siell\u00e4 tehtiin vasta kev\u00e4tt\u00f6it\u00e4 ja siivottiin talvella varisseita oksia ja lehti\u00e4 pois. Mieleen j\u00e4iv\u00e4t kukkimistaan aloittavat viikunakaktukset, kookas suosypressi kummallisine hengitt\u00e4vine juurineen, lehdet\u00f6n neidonhiuspuu ja hieno perhostalo, jossa koteloista koko ajan kuoriutui toinen toistaan upeampia perhosyksil\u00f6it\u00e4. Kuvasin mm. ritariperhosen ja amiraalin. T\u00e4ss\u00e4 otos:<\/p>\n<p style=\"text-align: center;\"><a href=\"https:\/\/luopioistenkasvisto.fi\/blogi\/wp-content\/uploads\/2010\/04\/ritariperhonen.jpg\"><img loading=\"lazy\" decoding=\"async\" class=\"size-medium wp-image-1662 aligncenter\" alt=\"ritariperhonen\" src=\"https:\/\/luopioistenkasvisto.fi\/blogi\/wp-content\/uploads\/2010\/04\/ritariperhonen-300x225.jpg\" width=\"300\" height=\"225\" srcset=\"https:\/\/luopioistenkasvisto.fi\/blogi\/wp-content\/uploads\/2010\/04\/ritariperhonen-300x225.jpg 300w, https:\/\/luopioistenkasvisto.fi\/blogi\/wp-content\/uploads\/2010\/04\/ritariperhonen-400x300.jpg 400w, https:\/\/luopioistenkasvisto.fi\/blogi\/wp-content\/uploads\/2010\/04\/ritariperhonen.jpg 1024w\" sizes=\"auto, (max-width: 300px) 100vw, 300px\" \/><\/a><\/p>\n<p style=\"text-align: center;\"><span style=\"color: #008000;\"><em>Perhostalon ritariperhonen kuivatteli uusia siipi\u00e4\u00e4n sopivasti kuvausta varten.<\/em><\/span><\/p>\n<p style=\"text-align: left;\">Kasvien katselijan kannalta pari viikkoa my\u00f6hempi ajankohta olisi ollut parempi. Nyt rikkaruohoja lukuunottamatta kasvit olivat viel\u00e4 lepotilassa. Linnutkaan eiv\u00e4t olleet oikein vedossa. Karimetsot saalistivat Tejo-joella ja mustakottaraiset k\u00e4yskenteliv\u00e4t pelloilla. Siin\u00e4 taisivatkin olla minun elikseni t\u00e4lt\u00e4 matkalta. Paljon pieni\u00e4 piipitt\u00e4ji\u00e4 puikkelehti pensaissa, mutta niiden n\u00e4kemiseen olisi tarvittu toisenlaiset silm\u00e4t tai sitten tolkuttomasti aikaa ja olisiko niit\u00e4 sittenk\u00e4\u00e4n osannut oikein m\u00e4\u00e4ritt\u00e4\u00e4. Hattua t\u00e4ytyy nostaa niille lintuharrastajille, jotka tuosta vain m\u00e4\u00e4ritt\u00e4v\u00e4t noita piipitt\u00e4ji\u00e4.<\/p>\n<p style=\"text-align: left;\">Jos sitten Lissabonin kulttuurista jotain kirjoittaisi, niin taidemuseoissa k\u00e4vimme ja niiden kokoelmat olivat upeita, kannattaa menn\u00e4 katsomaan. Upea oli my\u00f6s maailmann\u00e4yttelyyn 1998 valmistunut meriakvaario. Vietimme siell\u00e4 sananmukaisesti meren sis\u00e4ss\u00e4 kokonaisen p\u00e4iv\u00e4n ihmetellen kalojen ja muiden meren eli\u00f6iden loistoa. Sit\u00e4 ei turhaan kehuta Euroopan parhaaksi. Suositeltava paikka sekin.<\/p>\n","protected":false},"excerpt":{"rendered":"<p>Make kyseli, mit\u00e4 Portugalin kasvillisuuteen kuului. T\u00e4ss\u00e4 malliksi kilkkaruoho. Alempana joitakin huomioita itse matkasta ja sen tapahtumista. Talvi on ollut kova ja runsasluminen Iberian niemimaallakin. Muutama viikko ennen matkaamme Pyreneiden alueella satoi enn\u00e4tyksellisesti lunta ja paikoin se kerrostui jopa nelj\u00e4n &hellip; <a href=\"https:\/\/luopioistenkasvisto.fi\/blogi\/?p=55\">Lue loppuun <span class=\"meta-nav\">&rarr;<\/span><\/a><\/p>\n","protected":false},"author":1,"featured_media":0,"comment_status":"open","ping_status":"open","sticky":false,"template":"","format":"standard","meta":{"iawp_total_views":18,"footnotes":""},"categories":[11],"tags":[161],"class_list":["post-55","post","type-post","status-publish","format-standard","hentry","category-yleista","tag-matka"],"_links":{"self":[{"href":"https:\/\/luopioistenkasvisto.fi\/blogi\/index.php?rest_route=\/wp\/v2\/posts\/55","targetHints":{"allow":["GET"]}}],"collection":[{"href":"https:\/\/luopioistenkasvisto.fi\/blogi\/index.php?rest_route=\/wp\/v2\/posts"}],"about":[{"href":"https:\/\/luopioistenkasvisto.fi\/blogi\/index.php?rest_route=\/wp\/v2\/types\/post"}],"author":[{"embeddable":true,"href":"https:\/\/luopioistenkasvisto.fi\/blogi\/index.php?rest_route=\/wp\/v2\/users\/1"}],"replies":[{"embeddable":true,"href":"https:\/\/luopioistenkasvisto.fi\/blogi\/index.php?rest_route=%2Fwp%2Fv2%2Fcomments&post=55"}],"version-history":[{"count":3,"href":"https:\/\/luopioistenkasvisto.fi\/blogi\/index.php?rest_route=\/wp\/v2\/posts\/55\/revisions"}],"predecessor-version":[{"id":1660,"href":"https:\/\/luopioistenkasvisto.fi\/blogi\/index.php?rest_route=\/wp\/v2\/posts\/55\/revisions\/1660"}],"wp:attachment":[{"href":"https:\/\/luopioistenkasvisto.fi\/blogi\/index.php?rest_route=%2Fwp%2Fv2%2Fmedia&parent=55"}],"wp:term":[{"taxonomy":"category","embeddable":true,"href":"https:\/\/luopioistenkasvisto.fi\/blogi\/index.php?rest_route=%2Fwp%2Fv2%2Fcategories&post=55"},{"taxonomy":"post_tag","embeddable":true,"href":"https:\/\/luopioistenkasvisto.fi\/blogi\/index.php?rest_route=%2Fwp%2Fv2%2Ftags&post=55"}],"curies":[{"name":"wp","href":"https:\/\/api.w.org\/{rel}","templated":true}]}}