{"id":5908,"date":"2019-03-14T09:30:08","date_gmt":"2019-03-14T07:30:08","guid":{"rendered":"http:\/\/luopioistenkasvisto.fi\/blogi\/?p=5908"},"modified":"2019-03-12T11:50:09","modified_gmt":"2019-03-12T09:50:09","slug":"11-viikko-pohjankivisammal","status":"publish","type":"post","link":"https:\/\/luopioistenkasvisto.fi\/blogi\/?p=5908","title":{"rendered":"11. viikko: Pohjankivisammal"},"content":{"rendered":"<p><span style=\"color: #008000;\"><em>&#8217;Olin j\u00e4\u00e4ll\u00e4 hiiht\u00e4m\u00e4ss\u00e4 viime sunnuntaina ja katselin samalla kivenlohkareita kuvatakseni j\u00e4k\u00e4lien kauniita ruusukkeita kiven pinnalla. Kuhmuj\u00e4k\u00e4l\u00e4 ja kehr\u00e4k\u00e4k\u00e4l\u00e4t olivat jo p\u00f6rhistyneet talven j\u00e4lkeen, mutta niin olivat ensimm\u00e4iset sammaletkin. Harmosammal n\u00e4ytti terveen vihre\u00e4lt\u00e4 ja sen seurana pienet pohjankivisammalet availivat versojensa p\u00e4it\u00e4 ottamaan vastaan valon ja l\u00e4mm\u00f6n. H\u00e4mm\u00e4styksekseni huomasin, ett\u00e4 n\u00e4iss\u00e4 pieniss\u00e4 tuppaissa oli jo t\u00e4m\u00e4n vuotisia pes\u00e4kkeit\u00e4 pystyss\u00e4 ja osa oli jo auennutkin. Pes\u00e4kkeen p\u00e4\u00e4n hampaat olivat lev\u00e4\u00e4ll\u00e4\u00e4n ja aukko pes\u00e4kkeen sis\u00e4\u00e4n auki. Iti\u00f6t saattaisivat p\u00f6ll\u00e4ht\u00e4\u00e4 tuulen kuljetettavaksi koska tahansa. Kasvu on alkanut. Etsip\u00e4 t\u00e4m\u00e4 pieni sammal t\u00e4ll\u00e4 viikolla.&#8217;<\/em><\/span><\/p>\n<p><a href=\"https:\/\/luopioistenkasvisto.fi\/blogi\/wp-content\/uploads\/2019\/03\/pohjankivisammal.jpg\"><img loading=\"lazy\" decoding=\"async\" class=\"alignleft size-medium wp-image-5909\" src=\"https:\/\/luopioistenkasvisto.fi\/blogi\/wp-content\/uploads\/2019\/03\/pohjankivisammal-225x300.jpg\" alt=\"\" width=\"225\" height=\"300\" srcset=\"https:\/\/luopioistenkasvisto.fi\/blogi\/wp-content\/uploads\/2019\/03\/pohjankivisammal-225x300.jpg 225w, https:\/\/luopioistenkasvisto.fi\/blogi\/wp-content\/uploads\/2019\/03\/pohjankivisammal.jpg 768w\" sizes=\"auto, (max-width: 225px) 100vw, 225px\" \/><\/a><a href=\"http:\/\/www.luopioistenkasvisto.fi\/Sivut\/sammalet\/pohjankivisammal.html\">Pohjankivisammal<\/a> on pieni, kupumaisia parin sentin kokoisia kasvustoja kivipinnalle muodostava lehtisammal. Lehdet ovat karvak\u00e4rkiset ja pes\u00e4keper\u00e4 on suora.<\/p>\n<p>Sammalen voi tavata muiden sammalten seasta itsen\u00e4isin\u00e4 tiiviin\u00e4 kasvustoina ja yleens\u00e4 se muodostaa runsaasti pes\u00e4kkeit\u00e4. Sen kasvupaikat ovat aina kivill\u00e4 ja kallioilla.<\/p>\n<p>Pohjankivisammal on yleinen sammal koko maassa, etel\u00e4ss\u00e4 hieman harvinaisempi kuin pohjoisessa, Ahvenanmaalta se puuttuu.<\/p>\n","protected":false},"excerpt":{"rendered":"<p>&#8217;Olin j\u00e4\u00e4ll\u00e4 hiiht\u00e4m\u00e4ss\u00e4 viime sunnuntaina ja katselin samalla kivenlohkareita kuvatakseni j\u00e4k\u00e4lien kauniita ruusukkeita kiven pinnalla. Kuhmuj\u00e4k\u00e4l\u00e4 ja kehr\u00e4k\u00e4k\u00e4l\u00e4t olivat jo p\u00f6rhistyneet talven j\u00e4lkeen, mutta niin olivat ensimm\u00e4iset sammaletkin. Harmosammal n\u00e4ytti terveen vihre\u00e4lt\u00e4 ja sen seurana pienet pohjankivisammalet availivat versojensa p\u00e4it\u00e4 &hellip; <a href=\"https:\/\/luopioistenkasvisto.fi\/blogi\/?p=5908\">Lue loppuun <span class=\"meta-nav\">&rarr;<\/span><\/a><\/p>\n","protected":false},"author":1,"featured_media":0,"comment_status":"open","ping_status":"open","sticky":false,"template":"","format":"standard","meta":{"iawp_total_views":6,"footnotes":""},"categories":[8],"tags":[813,312,651],"class_list":["post-5908","post","type-post","status-publish","format-standard","hentry","category-sammalet-luopioinen","tag-kivipinnalla","tag-lehtisammal","tag-yleinen"],"_links":{"self":[{"href":"https:\/\/luopioistenkasvisto.fi\/blogi\/index.php?rest_route=\/wp\/v2\/posts\/5908","targetHints":{"allow":["GET"]}}],"collection":[{"href":"https:\/\/luopioistenkasvisto.fi\/blogi\/index.php?rest_route=\/wp\/v2\/posts"}],"about":[{"href":"https:\/\/luopioistenkasvisto.fi\/blogi\/index.php?rest_route=\/wp\/v2\/types\/post"}],"author":[{"embeddable":true,"href":"https:\/\/luopioistenkasvisto.fi\/blogi\/index.php?rest_route=\/wp\/v2\/users\/1"}],"replies":[{"embeddable":true,"href":"https:\/\/luopioistenkasvisto.fi\/blogi\/index.php?rest_route=%2Fwp%2Fv2%2Fcomments&post=5908"}],"version-history":[{"count":4,"href":"https:\/\/luopioistenkasvisto.fi\/blogi\/index.php?rest_route=\/wp\/v2\/posts\/5908\/revisions"}],"predecessor-version":[{"id":5919,"href":"https:\/\/luopioistenkasvisto.fi\/blogi\/index.php?rest_route=\/wp\/v2\/posts\/5908\/revisions\/5919"}],"wp:attachment":[{"href":"https:\/\/luopioistenkasvisto.fi\/blogi\/index.php?rest_route=%2Fwp%2Fv2%2Fmedia&parent=5908"}],"wp:term":[{"taxonomy":"category","embeddable":true,"href":"https:\/\/luopioistenkasvisto.fi\/blogi\/index.php?rest_route=%2Fwp%2Fv2%2Fcategories&post=5908"},{"taxonomy":"post_tag","embeddable":true,"href":"https:\/\/luopioistenkasvisto.fi\/blogi\/index.php?rest_route=%2Fwp%2Fv2%2Ftags&post=5908"}],"curies":[{"name":"wp","href":"https:\/\/api.w.org\/{rel}","templated":true}]}}