{"id":6211,"date":"2019-10-17T08:55:36","date_gmt":"2019-10-17T06:55:36","guid":{"rendered":"http:\/\/luopioistenkasvisto.fi\/blogi\/?p=6211"},"modified":"2019-10-17T08:57:16","modified_gmt":"2019-10-17T06:57:16","slug":"viikko-42-naalinsammal","status":"publish","type":"post","link":"https:\/\/luopioistenkasvisto.fi\/blogi\/?p=6211","title":{"rendered":"Viikko 42: Naalinsammal"},"content":{"rendered":"<p><span style=\"color: #008000;\">&#8217;Nyt t\u00e4m\u00e4n viikon sammal saattaa olla Etel\u00e4-Suomessa liikkuvalle vaikea, sill\u00e4 t\u00e4m\u00e4 sammal on p\u00e4\u00e4asiassa Lapin ja it\u00e4isen Suomen laji. Viime vuosina se on levinnyt l\u00e4hes koko maahan, mutta en itsek\u00e4\u00e4n ole n\u00e4hnyt sit\u00e4 Pirkanmaalla kuin muutaman kerran. Kannattaa kuitenkin syksyisell\u00e4 retkell\u00e4 t\u00e4hyill\u00e4 jalkoihinsa, t\u00e4m\u00e4 pieni sammal saattaa hyvinkin l\u00f6yty\u00e4. Tuoreena sen sekoittaa helposti muihin, mutta kuivana se on aivan itsens\u00e4 n\u00e4k\u00f6inen k\u00e4ppyr\u00e4.&#8217;<\/span><\/p>\n<p><a href=\"https:\/\/luopioistenkasvisto.fi\/blogi\/wp-content\/uploads\/2019\/10\/naalinsammal.jpg\"><img loading=\"lazy\" decoding=\"async\" class=\"alignleft size-medium wp-image-6212\" src=\"https:\/\/luopioistenkasvisto.fi\/blogi\/wp-content\/uploads\/2019\/10\/naalinsammal-225x300.jpg\" alt=\"\" width=\"225\" height=\"300\" srcset=\"https:\/\/luopioistenkasvisto.fi\/blogi\/wp-content\/uploads\/2019\/10\/naalinsammal-225x300.jpg 225w, https:\/\/luopioistenkasvisto.fi\/blogi\/wp-content\/uploads\/2019\/10\/naalinsammal.jpg 768w\" sizes=\"auto, (max-width: 225px) 100vw, 225px\" \/><\/a><a href=\"http:\/\/www.luopioistenkasvisto.fi\/Sivut\/sammalet\/naalinsammal.html\">Naalinsammal<\/a>\u00a0on pieni parin sentin korkuinen mattomaisesti kasvava sammal, joka kuuluu karhunsammalten heimoon. Sen lehdet ovat kolmiomaiset ja keskisuoni p\u00e4\u00e4ttyy vahvana lehden k\u00e4rkeen. Kuivana sammalen lehdet k\u00e4pertyv\u00e4t varren ymp\u00e4rille. Pes\u00e4kkeit\u00e4 sammalella on harvoin. Pysty pes\u00e4ke on kellert\u00e4v\u00e4n per\u00e4n p\u00e4\u00e4ss\u00e4 ja sylinterinmuotoinen.<\/p>\n<p>Viikon sammalen voi l\u00f6yt\u00e4\u00e4 tunturikankailta, hakkuuaukeilta, mets\u00e4autoteilt\u00e4 ja suo-ojien penkereist\u00e4. Se k\u00e4ytt\u00e4ytyy pioneerisammalten tapaan eli ilmaantuu ihmisen muokkaamille alueille ja on siksi laajentanut aluettaan viime vuosina.<\/p>\n","protected":false},"excerpt":{"rendered":"<p>&#8217;Nyt t\u00e4m\u00e4n viikon sammal saattaa olla Etel\u00e4-Suomessa liikkuvalle vaikea, sill\u00e4 t\u00e4m\u00e4 sammal on p\u00e4\u00e4asiassa Lapin ja it\u00e4isen Suomen laji. Viime vuosina se on levinnyt l\u00e4hes koko maahan, mutta en itsek\u00e4\u00e4n ole n\u00e4hnyt sit\u00e4 Pirkanmaalla kuin muutaman kerran. Kannattaa kuitenkin syksyisell\u00e4 &hellip; <a href=\"https:\/\/luopioistenkasvisto.fi\/blogi\/?p=6211\">Lue loppuun <span class=\"meta-nav\">&rarr;<\/span><\/a><\/p>\n","protected":false},"author":1,"featured_media":0,"comment_status":"open","ping_status":"open","sticky":false,"template":"","format":"standard","meta":{"iawp_total_views":8,"footnotes":""},"categories":[8],"tags":[411,312,203],"class_list":["post-6211","post","type-post","status-publish","format-standard","hentry","category-sammalet-luopioinen","tag-harvinainen","tag-lehtisammal","tag-pioneerilaji"],"_links":{"self":[{"href":"https:\/\/luopioistenkasvisto.fi\/blogi\/index.php?rest_route=\/wp\/v2\/posts\/6211","targetHints":{"allow":["GET"]}}],"collection":[{"href":"https:\/\/luopioistenkasvisto.fi\/blogi\/index.php?rest_route=\/wp\/v2\/posts"}],"about":[{"href":"https:\/\/luopioistenkasvisto.fi\/blogi\/index.php?rest_route=\/wp\/v2\/types\/post"}],"author":[{"embeddable":true,"href":"https:\/\/luopioistenkasvisto.fi\/blogi\/index.php?rest_route=\/wp\/v2\/users\/1"}],"replies":[{"embeddable":true,"href":"https:\/\/luopioistenkasvisto.fi\/blogi\/index.php?rest_route=%2Fwp%2Fv2%2Fcomments&post=6211"}],"version-history":[{"count":1,"href":"https:\/\/luopioistenkasvisto.fi\/blogi\/index.php?rest_route=\/wp\/v2\/posts\/6211\/revisions"}],"predecessor-version":[{"id":6213,"href":"https:\/\/luopioistenkasvisto.fi\/blogi\/index.php?rest_route=\/wp\/v2\/posts\/6211\/revisions\/6213"}],"wp:attachment":[{"href":"https:\/\/luopioistenkasvisto.fi\/blogi\/index.php?rest_route=%2Fwp%2Fv2%2Fmedia&parent=6211"}],"wp:term":[{"taxonomy":"category","embeddable":true,"href":"https:\/\/luopioistenkasvisto.fi\/blogi\/index.php?rest_route=%2Fwp%2Fv2%2Fcategories&post=6211"},{"taxonomy":"post_tag","embeddable":true,"href":"https:\/\/luopioistenkasvisto.fi\/blogi\/index.php?rest_route=%2Fwp%2Fv2%2Ftags&post=6211"}],"curies":[{"name":"wp","href":"https:\/\/api.w.org\/{rel}","templated":true}]}}