{"id":6255,"date":"2019-11-26T10:24:52","date_gmt":"2019-11-26T08:24:52","guid":{"rendered":"http:\/\/luopioistenkasvisto.fi\/blogi\/?p=6255"},"modified":"2019-11-26T10:25:40","modified_gmt":"2019-11-26T08:25:40","slug":"syksy-ja-sammalet","status":"publish","type":"post","link":"https:\/\/luopioistenkasvisto.fi\/blogi\/?p=6255","title":{"rendered":"Syksy ja sammalet"},"content":{"rendered":"<div id=\"attachment_6257\" style=\"width: 1034px\" class=\"wp-caption aligncenter\"><a href=\"https:\/\/luopioistenkasvisto.fi\/blogi\/wp-content\/uploads\/2019\/11\/pahtaomenasammal.jpg\"><img loading=\"lazy\" decoding=\"async\" aria-describedby=\"caption-attachment-6257\" class=\"size-full wp-image-6257\" src=\"https:\/\/luopioistenkasvisto.fi\/blogi\/wp-content\/uploads\/2019\/11\/pahtaomenasammal.jpg\" alt=\"\" width=\"1024\" height=\"576\" srcset=\"https:\/\/luopioistenkasvisto.fi\/blogi\/wp-content\/uploads\/2019\/11\/pahtaomenasammal.jpg 1024w, https:\/\/luopioistenkasvisto.fi\/blogi\/wp-content\/uploads\/2019\/11\/pahtaomenasammal-300x169.jpg 300w, https:\/\/luopioistenkasvisto.fi\/blogi\/wp-content\/uploads\/2019\/11\/pahtaomenasammal-768x432.jpg 768w, https:\/\/luopioistenkasvisto.fi\/blogi\/wp-content\/uploads\/2019\/11\/pahtaomenasammal-500x281.jpg 500w\" sizes=\"auto, (max-width: 1024px) 100vw, 1024px\" \/><\/a><p id=\"caption-attachment-6257\" class=\"wp-caption-text\">Pahtaomenasammal<\/p><\/div>\n<p><span style=\"color: #008000;\"><em>&#8217;Tuntuu silt\u00e4, ett\u00e4 t\u00e4m\u00e4 blogi on k\u00e4\u00e4ntynyt l\u00e4hes kokonaan sammalpohdinnoiksi. Vuoden aikana olen riipustanut t\u00e4nne joka viikoksi yhden sammalen tarkoituksena lis\u00e4t\u00e4 sammalten tunnettavuutta ja lukijoiden mielenkiintoa niit\u00e4 kohtaan, jopa mahdollisuutta opetella niit\u00e4 tuntemaan. Viel\u00e4 t\u00e4t\u00e4 vuotta on j\u00e4ljell\u00e4 muutama viikko ja niillekin olen esitelt\u00e4v\u00e4t katsonut valmiiksi. <\/em><\/span><\/p>\n<p><span style=\"color: #008000;\"><em>Koko ik\u00e4ni olen tarkkaillut luontoa, lintuja, hy\u00f6nteisi\u00e4, sieni\u00e4 ja kasveja. Aikojen kuluessa on tullut otettua toistasataatuhatta valokuvaa ja ker\u00e4tty\u00e4 muistikirjat t\u00e4yteen havaintoja eli\u00f6ist\u00e4. Lis\u00e4ksi ovat n\u00e4ytteet. Olen pit\u00e4nyt kortistoa, johon olen tallentanut etiketit kaikista keruuksista vuosien varrella. Itse n\u00e4ytteet ovat suurelta osin museoiden k\u00e4tk\u00f6iss\u00e4, mutta niiden tiedot ovat edelleen tallessa koneellani. N\u00e4it\u00e4 lienee liki parikymment\u00e4 tuhatta, p\u00e4\u00e4asiassa kasvin\u00e4ytteit\u00e4, putkilokasveja ja sammalia, mutta my\u00f6s sienin\u00e4. <\/em><\/span><\/p>\n<div id=\"attachment_6258\" style=\"width: 1034px\" class=\"wp-caption aligncenter\"><a href=\"https:\/\/luopioistenkasvisto.fi\/blogi\/wp-content\/uploads\/2019\/11\/savikkolapiosammal.jpg\"><img loading=\"lazy\" decoding=\"async\" aria-describedby=\"caption-attachment-6258\" class=\"size-full wp-image-6258\" src=\"https:\/\/luopioistenkasvisto.fi\/blogi\/wp-content\/uploads\/2019\/11\/savikkolapiosammal.jpg\" alt=\"\" width=\"1024\" height=\"576\" srcset=\"https:\/\/luopioistenkasvisto.fi\/blogi\/wp-content\/uploads\/2019\/11\/savikkolapiosammal.jpg 1024w, https:\/\/luopioistenkasvisto.fi\/blogi\/wp-content\/uploads\/2019\/11\/savikkolapiosammal-300x169.jpg 300w, https:\/\/luopioistenkasvisto.fi\/blogi\/wp-content\/uploads\/2019\/11\/savikkolapiosammal-768x432.jpg 768w, https:\/\/luopioistenkasvisto.fi\/blogi\/wp-content\/uploads\/2019\/11\/savikkolapiosammal-500x281.jpg 500w\" sizes=\"auto, (max-width: 1024px) 100vw, 1024px\" \/><\/a><p id=\"caption-attachment-6258\" class=\"wp-caption-text\">Savikkolapiosammal<\/p><\/div>\n<p><span style=\"color: #008000;\"><em>Mik\u00e4 sitten juuri sammalissa kiinnostaa? Viimeisten vuosien aikana olen ker\u00e4nnyt ja kuvannut l\u00e4hes yksinomaan sammalia. Alkusys\u00e4ys oli tietenkin oppia jotain uutta, kun kotimaiset ja l\u00e4hialueiden putkilokasvit olivat tulleet tutuiksi. Mielenkiinto suuntautui siis muualle. Sammalet on hieno ryhm\u00e4, josta en ennen alkua tiennyt oikeastaan mit\u00e4\u00e4n. Nytk\u00e4\u00e4n en viel\u00e4 tied\u00e4 paljoa, mutta kuitenkin sen verran, ett\u00e4 mielenkiinto s\u00e4ilyy. Usein kuulee sanottavan, ettei sammalissa ole paljoa mietitt\u00e4v\u00e4\u00e4, kun niit\u00e4 on niin v\u00e4h\u00e4n. T\u00e4m\u00e4h\u00e4n ei pid\u00e4 paikkaansa, meill\u00e4kin lajeja on liki tuhat ja lis\u00e4\u00e4 l\u00f6ytyy vuosittain. Toiseksi sammalet ovat joskus tosi vaikeita m\u00e4\u00e4ritt\u00e4\u00e4.. Sekin lis\u00e4\u00e4 intoa. Ja tietysti my\u00f6s se, ett\u00e4 niit\u00e4 voi katsella ja ker\u00e4ill\u00e4 ymp\u00e4ri vuoden. Muutama p\u00e4iv\u00e4 sitten olin viel\u00e4 retkell\u00e4 sammalten vuoksi.<\/em><\/span><\/p>\n<p><span style=\"color: #008000;\"><em>Lajien uhanalaisuus on my\u00f6s harrastusta lis\u00e4\u00e4v\u00e4 tekij\u00e4. Sammalissa on lintujen ohella eniten uhanalaisia lajeja maassamme. N\u00e4iden etsiminen ja ilmoittaminen eteenp\u00e4in luo j\u00e4nnityst\u00e4. Toiseksi sammalet vaativat usein mikroskooppity\u00f6skentely\u00e4, koska tuntomerkkien erot ovat v\u00e4h\u00e4isi\u00e4. Jonkin lajin parissa pit\u00e4\u00e4 uurastaa uudestaan ja taas uudestaan. Oppimista riitt\u00e4\u00e4 koko ajan. T\u00e4n\u00e4kin kes\u00e4n\u00e4 luulin l\u00f6yt\u00e4neeni t\u00e4\u00e4lt\u00e4 jo ammoin h\u00e4vinneen lajin uudelleen, mutta kun sitten porukalla mietittiin ja vertailtiin, se osoittautui kuitenkin toiseksi lajiksi ja l\u00f6yt\u00f6 latistui. T\u00e4m\u00e4 kuitenkin innosti jatkamaan ja suuntaamaan askelet uusille paikoilla. <\/em><\/span><\/p>\n<div id=\"attachment_6259\" style=\"width: 1034px\" class=\"wp-caption aligncenter\"><a href=\"https:\/\/luopioistenkasvisto.fi\/blogi\/wp-content\/uploads\/2019\/11\/purokinnassammal-1.jpg\"><img loading=\"lazy\" decoding=\"async\" aria-describedby=\"caption-attachment-6259\" class=\"size-full wp-image-6259\" src=\"https:\/\/luopioistenkasvisto.fi\/blogi\/wp-content\/uploads\/2019\/11\/purokinnassammal-1.jpg\" alt=\"\" width=\"1024\" height=\"576\" srcset=\"https:\/\/luopioistenkasvisto.fi\/blogi\/wp-content\/uploads\/2019\/11\/purokinnassammal-1.jpg 1024w, https:\/\/luopioistenkasvisto.fi\/blogi\/wp-content\/uploads\/2019\/11\/purokinnassammal-1-300x169.jpg 300w, https:\/\/luopioistenkasvisto.fi\/blogi\/wp-content\/uploads\/2019\/11\/purokinnassammal-1-768x432.jpg 768w, https:\/\/luopioistenkasvisto.fi\/blogi\/wp-content\/uploads\/2019\/11\/purokinnassammal-1-500x281.jpg 500w\" sizes=\"auto, (max-width: 1024px) 100vw, 1024px\" \/><\/a><p id=\"caption-attachment-6259\" class=\"wp-caption-text\">Purokinnasammal<\/p><\/div>\n<p><span style=\"color: #008000;\"><em>Sammalten tutkimisen voi aloittaa kotiovelta. Betoniportaan kyljess\u00e4 kasvoi <a href=\"http:\/\/www.luopioistenkasvisto.fi\/Sivut\/sammalet\/kalvashiippasammal.html\">kalvashiippasammal<\/a> (Orthotrichum pallens), pihalaattojen v\u00e4liss\u00e4 pieni <a href=\"http:\/\/www.luopioistenkasvisto.fi\/Sivut\/sammalet\/rihmavarstasammal.html\">jyv\u00e4svarstasammal<\/a> (Pohlia annotina) ja pihapuun oksanhaarassa <a href=\"http:\/\/www.luopioistenkasvisto.fi\/Sivut\/sammalet\/kujasammal.html\">kujasammal<\/a> (Pylaisia polyantha). Pitk\u00e4lle ei siis tarvitse menn\u00e4. My\u00f6s pient\u00e4 tutkimusta voi tehd\u00e4 ihan pihapiiriss\u00e4: millaisella alustalla sammal kasvaa, milt\u00e4 sammal n\u00e4ytt\u00e4\u00e4 kuivana tai m\u00e4rk\u00e4n\u00e4, mitk\u00e4 sammalet ensinn\u00e4 tulevat muokatulle alustalle tai pihakiveykselle? Mahdollisuuksia on, vaarana vain on liiallinen innostuminen ja pian l\u00f6yt\u00e4\u00e4 itsens\u00e4 ry\u00f6mim\u00e4st\u00e4 pitkin pellonpientareita. Vaan onko sek\u00e4\u00e4n vaarallista? Joka tapauksessa, sammalten harrastaminen kannattaa.&#8217;<\/em><\/span><\/p>\n","protected":false},"excerpt":{"rendered":"<p>&#8217;Tuntuu silt\u00e4, ett\u00e4 t\u00e4m\u00e4 blogi on k\u00e4\u00e4ntynyt l\u00e4hes kokonaan sammalpohdinnoiksi. Vuoden aikana olen riipustanut t\u00e4nne joka viikoksi yhden sammalen tarkoituksena lis\u00e4t\u00e4 sammalten tunnettavuutta ja lukijoiden mielenkiintoa niit\u00e4 kohtaan, jopa mahdollisuutta opetella niit\u00e4 tuntemaan. Viel\u00e4 t\u00e4t\u00e4 vuotta on j\u00e4ljell\u00e4 muutama viikko &hellip; <a href=\"https:\/\/luopioistenkasvisto.fi\/blogi\/?p=6255\">Lue loppuun <span class=\"meta-nav\">&rarr;<\/span><\/a><\/p>\n","protected":false},"author":1,"featured_media":0,"comment_status":"open","ping_status":"open","sticky":false,"template":"","format":"standard","meta":{"iawp_total_views":48,"footnotes":""},"categories":[8],"tags":[665,309,279],"class_list":["post-6255","post","type-post","status-publish","format-standard","hentry","category-sammalet-luopioinen","tag-harrastus","tag-keraily","tag-tutkimus"],"_links":{"self":[{"href":"https:\/\/luopioistenkasvisto.fi\/blogi\/index.php?rest_route=\/wp\/v2\/posts\/6255","targetHints":{"allow":["GET"]}}],"collection":[{"href":"https:\/\/luopioistenkasvisto.fi\/blogi\/index.php?rest_route=\/wp\/v2\/posts"}],"about":[{"href":"https:\/\/luopioistenkasvisto.fi\/blogi\/index.php?rest_route=\/wp\/v2\/types\/post"}],"author":[{"embeddable":true,"href":"https:\/\/luopioistenkasvisto.fi\/blogi\/index.php?rest_route=\/wp\/v2\/users\/1"}],"replies":[{"embeddable":true,"href":"https:\/\/luopioistenkasvisto.fi\/blogi\/index.php?rest_route=%2Fwp%2Fv2%2Fcomments&post=6255"}],"version-history":[{"count":4,"href":"https:\/\/luopioistenkasvisto.fi\/blogi\/index.php?rest_route=\/wp\/v2\/posts\/6255\/revisions"}],"predecessor-version":[{"id":6262,"href":"https:\/\/luopioistenkasvisto.fi\/blogi\/index.php?rest_route=\/wp\/v2\/posts\/6255\/revisions\/6262"}],"wp:attachment":[{"href":"https:\/\/luopioistenkasvisto.fi\/blogi\/index.php?rest_route=%2Fwp%2Fv2%2Fmedia&parent=6255"}],"wp:term":[{"taxonomy":"category","embeddable":true,"href":"https:\/\/luopioistenkasvisto.fi\/blogi\/index.php?rest_route=%2Fwp%2Fv2%2Fcategories&post=6255"},{"taxonomy":"post_tag","embeddable":true,"href":"https:\/\/luopioistenkasvisto.fi\/blogi\/index.php?rest_route=%2Fwp%2Fv2%2Ftags&post=6255"}],"curies":[{"name":"wp","href":"https:\/\/api.w.org\/{rel}","templated":true}]}}