{"id":6404,"date":"2020-04-26T15:00:36","date_gmt":"2020-04-26T13:00:36","guid":{"rendered":"http:\/\/luopioistenkasvisto.fi\/blogi\/?p=6404"},"modified":"2020-04-26T15:00:36","modified_gmt":"2020-04-26T13:00:36","slug":"ulos-ja-metsaan","status":"publish","type":"post","link":"https:\/\/luopioistenkasvisto.fi\/blogi\/?p=6404","title":{"rendered":"Ulos ja mets\u00e4\u00e4n"},"content":{"rendered":"<div id=\"attachment_6406\" style=\"width: 209px\" class=\"wp-caption alignleft\"><a href=\"https:\/\/luopioistenkasvisto.fi\/blogi\/wp-content\/uploads\/2020\/04\/mets\u00e4polku.jpg\"><img loading=\"lazy\" decoding=\"async\" aria-describedby=\"caption-attachment-6406\" class=\"size-medium wp-image-6406\" src=\"https:\/\/luopioistenkasvisto.fi\/blogi\/wp-content\/uploads\/2020\/04\/mets\u00e4polku-199x300.jpg\" alt=\"\" width=\"199\" height=\"300\" srcset=\"https:\/\/luopioistenkasvisto.fi\/blogi\/wp-content\/uploads\/2020\/04\/mets\u00e4polku-199x300.jpg 199w, https:\/\/luopioistenkasvisto.fi\/blogi\/wp-content\/uploads\/2020\/04\/mets\u00e4polku.jpg 680w\" sizes=\"auto, (max-width: 199px) 100vw, 199px\" \/><\/a><p id=\"caption-attachment-6406\" class=\"wp-caption-text\">Vanhat mets\u00e4polut sammaloituvat<\/p><\/div>\n<p><span style=\"color: #008000;\"><em>&#8217;Aikoinaan nuoruudessa luin <strong>Juhani Ahon<\/strong> lastun Mets\u00e4polku ja ihastuin paitsi kieleen niin my\u00f6s ajatukseen polusta, joka johtaa johonkin uuteen ja salaper\u00e4iseen. My\u00f6hemmin olen surrut, kun maaseudulla polut ovat kadonneet ja tilalle on tullut mets\u00e4autoteit\u00e4. Toki t\u00e4m\u00e4n on ymm\u00e4rt\u00e4nyt, mutta on se silti harmittanut. Polut katosivat k\u00e4ytt\u00e4m\u00e4tt\u00f6min\u00e4, eiv\u00e4t mets\u00e4n el\u00e4imet yksin pystyneet pit\u00e4m\u00e4\u00e4n niit\u00e4 kunnossa. Kun ihmiset maaseudulla vanhenivat ja v\u00e4est\u00f6 v\u00e4heni, kasvoivat polut umpeen ja lopun tuhoty\u00f6st\u00e4 tekiv\u00e4t sitten mets\u00e4koneet. <\/em><\/span><\/p>\n<p><span style=\"color: #008000;\"><em>T\u00e4\u00e4ll\u00e4 kaupungissa polut ovat s\u00e4ilyneet, jopa lis\u00e4\u00e4ntyneet. N\u00e4in poikkeustilanteessa, kun ihmiset eiv\u00e4t voi tavata toisiaan, he liikkuvat erill\u00e4\u00e4n. Luontainen suunta on silloin ulos ja mets\u00e4\u00e4n. Asutuksen l\u00e4heisyydess\u00e4 polut johtavat kuntoradoille ja niit\u00e4 k\u00e4ytet\u00e4\u00e4n paitsi lenkkeilyyn niin my\u00f6s ahkerasti koirien ulkoiluttamiseen. N\u00e4m\u00e4 polut ovat kuin niit\u00e4 lapsuuteni mets\u00e4polkuja, joilla on salaper\u00e4inen p\u00e4\u00e4m\u00e4\u00e4r\u00e4, eik\u00e4 aina voinut tiet\u00e4\u00e4, mist\u00e4 itsens\u00e4 l\u00f6yt\u00e4\u00e4, kun niit\u00e4 l\u00e4htee seuraamaan.<\/em><\/span><\/p>\n<div id=\"attachment_6407\" style=\"width: 235px\" class=\"wp-caption alignright\"><a href=\"https:\/\/luopioistenkasvisto.fi\/blogi\/wp-content\/uploads\/2020\/04\/mets\u00e4polku-1.jpg\"><img loading=\"lazy\" decoding=\"async\" aria-describedby=\"caption-attachment-6407\" class=\"size-medium wp-image-6407\" src=\"https:\/\/luopioistenkasvisto.fi\/blogi\/wp-content\/uploads\/2020\/04\/mets\u00e4polku-1-225x300.jpg\" alt=\"\" width=\"225\" height=\"300\" srcset=\"https:\/\/luopioistenkasvisto.fi\/blogi\/wp-content\/uploads\/2020\/04\/mets\u00e4polku-1-225x300.jpg 225w, https:\/\/luopioistenkasvisto.fi\/blogi\/wp-content\/uploads\/2020\/04\/mets\u00e4polku-1.jpg 768w\" sizes=\"auto, (max-width: 225px) 100vw, 225px\" \/><\/a><p id=\"caption-attachment-6407\" class=\"wp-caption-text\">Polku kuluu kovassa k\u00e4yt\u00f6ss\u00e4<\/p><\/div>\n<p><span style=\"color: #008000;\"><em>Joka aamu olen kev\u00e4\u00e4n aikan etsinyt polun p\u00e4\u00e4n ja l\u00e4htenyt koiran kanssa seuraamaan sit\u00e4. Vuosikymmenten kokemuksella toki tied\u00e4n suunnilleen, mihin ne viev\u00e4t, mutta on niit\u00e4 lapsuuden yll\u00e4tyksi\u00e4kin tullut. On alkanut tuntua, ett\u00e4 mets\u00e4 on t\u00e4ynn\u00e4 polkuja, jopa niin paljon, ett\u00e4 se tuntuu turhuudelta, v\u00e4hempikin riitt\u00e4isi. Kun paljon ihmisi\u00e4 kulkee, polku levenee. Jalka hakee tukevampaa kohtaa polun vierest\u00e4, askelet suuntautuvat etsim\u00e4\u00e4n rinnakkaista polkua ja seuraus on, ett\u00e4 mets\u00e4\u00e4n muodostuu polkuverkosto.<\/em><\/span><\/p>\n<p><span style=\"color: #008000;\"><em>T\u00e4m\u00e4n luulisi olevan hyv\u00e4 asia, mutta onko niin? Aikoinaan Lapissa kaikki halusivat kiivet\u00e4 Kiilop\u00e4\u00e4n tunturille ja seuraus oli se, ett\u00e4 koko tunturin rinne alkoi n\u00e4ytt\u00e4\u00e4 tallatulta tantereelta. Rinteelle rakennettiin pitkospuut ja portaat ohjaamaan kulkijoita samalle reitille. Siit\u00e4 huolimatta arpi tunturin rinteess\u00e4 n\u00e4kyy edelleen, koska luonto uusiutuu hitaasti. Samalta alkaa t\u00e4\u00e4ll\u00e4 tuntua asutuksen l\u00e4heisyydess\u00e4. Polut levenev\u00e4t metrien levyisiksi ahkeran k\u00e4yt\u00f6n alla ja mets\u00e4n aluskasvillisuus tallautuu muuttuen juurten risteilykentiksi. N\u00e4ill\u00e4 kentill\u00e4 n\u00e4in kev\u00e4\u00e4ll\u00e4 n\u00e4kee neulasia, k\u00e4pyj\u00e4 ja oravan sy\u00f6nn\u00f6ksi\u00e4. Mustikat, puolukat, hein\u00e4t ja sammalet ovat pyyhkiytyneet pois. Mets\u00e4 kuluu. <\/em><\/span><\/p>\n<div id=\"attachment_6408\" style=\"width: 235px\" class=\"wp-caption alignleft\"><a href=\"https:\/\/luopioistenkasvisto.fi\/blogi\/wp-content\/uploads\/2020\/04\/mets\u00e4polku-2.jpg\"><img loading=\"lazy\" decoding=\"async\" aria-describedby=\"caption-attachment-6408\" class=\"size-medium wp-image-6408\" src=\"https:\/\/luopioistenkasvisto.fi\/blogi\/wp-content\/uploads\/2020\/04\/mets\u00e4polku-2-225x300.jpg\" alt=\"\" width=\"225\" height=\"300\" srcset=\"https:\/\/luopioistenkasvisto.fi\/blogi\/wp-content\/uploads\/2020\/04\/mets\u00e4polku-2-225x300.jpg 225w, https:\/\/luopioistenkasvisto.fi\/blogi\/wp-content\/uploads\/2020\/04\/mets\u00e4polku-2.jpg 768w\" sizes=\"auto, (max-width: 225px) 100vw, 225px\" \/><\/a><p id=\"caption-attachment-6408\" class=\"wp-caption-text\">Lis\u00e4\u00e4ntynyt maastopy\u00f6r\u00e4ily kuluttaa polku-uria<\/p><\/div>\n<p><span style=\"color: #008000;\"><em>On hyv\u00e4, ett\u00e4 ihmiset ovat l\u00f6yt\u00e4neet mets\u00e4n. On hyv\u00e4 hoitaa kuntoaan. On hyv\u00e4, ett\u00e4 nautitaan luonnosta. Mutta se ei ole hyv\u00e4, ett\u00e4 mets\u00e4 kohtuuttomasti kuluu. Sek\u00e4\u00e4n ei ole hyv\u00e4, ett\u00e4 kaikenlainen sopimatonkin lis\u00e4\u00e4ntyy. Nyt l\u00f6ytyy katkottuja puita, karsittuja rankoja, paperinen\u00e4liinoja, jotka kovin kiinnostavat koiraani ja rikottuja muurahaispesi\u00e4. On vaikea ymm\u00e4rt\u00e4\u00e4, mit\u00e4 p\u00e4\u00e4ss\u00e4 liikkuu, kun vanttera koivu kaadetaan metrin korkeudelta maahan tai taimikon kuusi karsitaan pystyyn vuolemalla oksat ja kuori pois. On vaikea ymm\u00e4rt\u00e4\u00e4 edelleenkin sit\u00e4, ettei jaksa kantaa nen\u00e4liinaansa tai mehupurkkia kotiin h\u00e4vitett\u00e4v\u00e4ksi. Ei sen luulisi olevan suuri vaiva. Puhdas luonto olisi jokaiselle ilo ja virkistys.<\/em><\/span><\/p>\n<div id=\"attachment_6411\" style=\"width: 642px\" class=\"wp-caption aligncenter\"><a href=\"https:\/\/luopioistenkasvisto.fi\/blogi\/wp-content\/uploads\/2020\/04\/maja1.jpg\"><img loading=\"lazy\" decoding=\"async\" aria-describedby=\"caption-attachment-6411\" class=\"size-full wp-image-6411\" src=\"https:\/\/luopioistenkasvisto.fi\/blogi\/wp-content\/uploads\/2020\/04\/maja1.jpg\" alt=\"\" width=\"632\" height=\"454\" srcset=\"https:\/\/luopioistenkasvisto.fi\/blogi\/wp-content\/uploads\/2020\/04\/maja1.jpg 632w, https:\/\/luopioistenkasvisto.fi\/blogi\/wp-content\/uploads\/2020\/04\/maja1-300x216.jpg 300w, https:\/\/luopioistenkasvisto.fi\/blogi\/wp-content\/uploads\/2020\/04\/maja1-418x300.jpg 418w\" sizes=\"auto, (max-width: 632px) 100vw, 632px\" \/><\/a><p id=\"caption-attachment-6411\" class=\"wp-caption-text\">Miten maja pit\u00e4isi rakentaa?<\/p><\/div>\n<p><span style=\"color: #008000;\"><em>Mets\u00e4 on l\u00f6ydetty my\u00f6s leikkipaikaksi. Lapset rakentelevat risumajoja niin kuin mekin aikoinaan. T\u00e4ss\u00e4 v\u00e4lill\u00e4 niit\u00e4 ei juurikaan n\u00e4kynyt. Nyt niihin t\u00f6rm\u00e4\u00e4 yhten\u00e4\u00e4n. Oksia ja maahan kaadettuja rankoja l\u00f6ytyy yllin kyllin. Meid\u00e4n aikuisten teht\u00e4v\u00e4 on opastaa, ettei el\u00e4viin puihin kosketa. Sekin on lis\u00e4\u00e4ntynyt.<\/em><\/span><\/p>\n<div id=\"attachment_6409\" style=\"width: 235px\" class=\"wp-caption alignright\"><a href=\"https:\/\/luopioistenkasvisto.fi\/blogi\/wp-content\/uploads\/2020\/04\/mets\u00e4polku-3.jpg\"><img loading=\"lazy\" decoding=\"async\" aria-describedby=\"caption-attachment-6409\" class=\"size-medium wp-image-6409\" src=\"https:\/\/luopioistenkasvisto.fi\/blogi\/wp-content\/uploads\/2020\/04\/mets\u00e4polku-3-225x300.jpg\" alt=\"\" width=\"225\" height=\"300\" srcset=\"https:\/\/luopioistenkasvisto.fi\/blogi\/wp-content\/uploads\/2020\/04\/mets\u00e4polku-3-225x300.jpg 225w, https:\/\/luopioistenkasvisto.fi\/blogi\/wp-content\/uploads\/2020\/04\/mets\u00e4polku-3.jpg 768w\" sizes=\"auto, (max-width: 225px) 100vw, 225px\" \/><\/a><p id=\"caption-attachment-6409\" class=\"wp-caption-text\">Ilkivaltaa ja aivan turhaan<\/p><\/div>\n<p><span style=\"color: #008000;\"><em>Hyv\u00e4t asiat k\u00e4\u00e4ntyv\u00e4t harmiksi niin nopeasti. Kaikelta ei jaksa ummistaa silmi\u00e4\u00e4n ja silloin se rupeaa harmittamaan. Onko p\u00e4\u00e4asia, ett\u00e4 ihmiset liikkuvat? Onko kuluminen luonnollista? Onko ilkivalta tahatonta vai tahallista? Kuka sen sanoisi. Siell\u00e4 miss\u00e4 on paljon ihmisi\u00e4, siell\u00e4 on paljon kulumisen merkkej\u00e4kin. Siell\u00e4, miss\u00e4 v\u00e4ki on v\u00e4hentynyt, siell\u00e4 ei tapahdu ilkivaltaakaan.&#8217;\u00a0<\/em><\/span><\/p>\n<p>&nbsp;<\/p>\n","protected":false},"excerpt":{"rendered":"<p>&#8217;Aikoinaan nuoruudessa luin Juhani Ahon lastun Mets\u00e4polku ja ihastuin paitsi kieleen niin my\u00f6s ajatukseen polusta, joka johtaa johonkin uuteen ja salaper\u00e4iseen. My\u00f6hemmin olen surrut, kun maaseudulla polut ovat kadonneet ja tilalle on tullut mets\u00e4autoteit\u00e4. Toki t\u00e4m\u00e4n on ymm\u00e4rt\u00e4nyt, mutta on &hellip; <a href=\"https:\/\/luopioistenkasvisto.fi\/blogi\/?p=6404\">Lue loppuun <span class=\"meta-nav\">&rarr;<\/span><\/a><\/p>\n","protected":false},"author":1,"featured_media":0,"comment_status":"open","ping_status":"open","sticky":false,"template":"","format":"standard","meta":{"iawp_total_views":3,"footnotes":""},"categories":[631],"tags":[845,406,218],"class_list":["post-6404","post","type-post","status-publish","format-standard","hentry","category-ymparisto","tag-kulutus","tag-polku","tag-retkeily"],"_links":{"self":[{"href":"https:\/\/luopioistenkasvisto.fi\/blogi\/index.php?rest_route=\/wp\/v2\/posts\/6404","targetHints":{"allow":["GET"]}}],"collection":[{"href":"https:\/\/luopioistenkasvisto.fi\/blogi\/index.php?rest_route=\/wp\/v2\/posts"}],"about":[{"href":"https:\/\/luopioistenkasvisto.fi\/blogi\/index.php?rest_route=\/wp\/v2\/types\/post"}],"author":[{"embeddable":true,"href":"https:\/\/luopioistenkasvisto.fi\/blogi\/index.php?rest_route=\/wp\/v2\/users\/1"}],"replies":[{"embeddable":true,"href":"https:\/\/luopioistenkasvisto.fi\/blogi\/index.php?rest_route=%2Fwp%2Fv2%2Fcomments&post=6404"}],"version-history":[{"count":2,"href":"https:\/\/luopioistenkasvisto.fi\/blogi\/index.php?rest_route=\/wp\/v2\/posts\/6404\/revisions"}],"predecessor-version":[{"id":6412,"href":"https:\/\/luopioistenkasvisto.fi\/blogi\/index.php?rest_route=\/wp\/v2\/posts\/6404\/revisions\/6412"}],"wp:attachment":[{"href":"https:\/\/luopioistenkasvisto.fi\/blogi\/index.php?rest_route=%2Fwp%2Fv2%2Fmedia&parent=6404"}],"wp:term":[{"taxonomy":"category","embeddable":true,"href":"https:\/\/luopioistenkasvisto.fi\/blogi\/index.php?rest_route=%2Fwp%2Fv2%2Fcategories&post=6404"},{"taxonomy":"post_tag","embeddable":true,"href":"https:\/\/luopioistenkasvisto.fi\/blogi\/index.php?rest_route=%2Fwp%2Fv2%2Ftags&post=6404"}],"curies":[{"name":"wp","href":"https:\/\/api.w.org\/{rel}","templated":true}]}}