{"id":6414,"date":"2020-05-13T17:13:29","date_gmt":"2020-05-13T15:13:29","guid":{"rendered":"http:\/\/luopioistenkasvisto.fi\/blogi\/?p=6414"},"modified":"2020-05-13T17:30:19","modified_gmt":"2020-05-13T15:30:19","slug":"kesaa-odotellessa","status":"publish","type":"post","link":"https:\/\/luopioistenkasvisto.fi\/blogi\/?p=6414","title":{"rendered":"Kes\u00e4\u00e4 odotellessa"},"content":{"rendered":"<p><span style=\"color: #008000;\"><em><a href=\"https:\/\/luopioistenkasvisto.fi\/blogi\/wp-content\/uploads\/2020\/05\/rentukka.jpg\"><img loading=\"lazy\" decoding=\"async\" class=\"aligncenter size-large wp-image-6416\" src=\"https:\/\/luopioistenkasvisto.fi\/blogi\/wp-content\/uploads\/2020\/05\/rentukka-1024x576.jpg\" alt=\"\" width=\"584\" height=\"329\" srcset=\"https:\/\/luopioistenkasvisto.fi\/blogi\/wp-content\/uploads\/2020\/05\/rentukka-1024x576.jpg 1024w, https:\/\/luopioistenkasvisto.fi\/blogi\/wp-content\/uploads\/2020\/05\/rentukka-300x169.jpg 300w, https:\/\/luopioistenkasvisto.fi\/blogi\/wp-content\/uploads\/2020\/05\/rentukka-768x432.jpg 768w, https:\/\/luopioistenkasvisto.fi\/blogi\/wp-content\/uploads\/2020\/05\/rentukka-1536x863.jpg 1536w, https:\/\/luopioistenkasvisto.fi\/blogi\/wp-content\/uploads\/2020\/05\/rentukka-2048x1151.jpg 2048w, https:\/\/luopioistenkasvisto.fi\/blogi\/wp-content\/uploads\/2020\/05\/rentukka-500x281.jpg 500w\" sizes=\"auto, (max-width: 584px) 100vw, 584px\" \/><\/a>&#8217;Paluu talvettoman talven j\u00e4lkeen kes\u00e4kotiin n\u00e4in korona-aikaan ei ollut ihan kivuton. Ajatuksissa viipyi miete, kuinka luonto on selviytynyt talvesta ja kuinka me\u00a0t\u00e4\u00e4ll\u00e4 p\u00e4rj\u00e4\u00e4mme. Ihminen tulee araksi, kun se joutuu koko ajan pohtimaan tekemisi\u00e4\u00e4n ja olemistaan. Kaupungissa viruksen vaarat ja el\u00e4minen sen kanssa tuntuivat paljon suuremmilta asioilta kuin t\u00e4\u00e4ll\u00e4 maalla. T\u00e4\u00e4ll\u00e4 on tilaa, ilmaa hengitt\u00e4\u00e4 ja voi luonnostaan pit\u00e4\u00e4 et\u00e4isyytt\u00e4. Kukaan ei tule liki, kun kuljen mets\u00e4ss\u00e4, kun ket\u00e4\u00e4n ei ole. Satunnainen mets\u00e4nistuttaja on ollut ainoa, jonka olen tavannut. Siis voi olla turvassa.<\/em><\/span><\/p>\n<p><span style=\"color: #008000;\"><em>Toinen asia on se, kuinka luonto on talvesta t\u00e4\u00e4ll\u00e4 selvinnyt. Kun tammikuussa mustikka ty\u00f6nsi lehti\u00e4 esiin ja helmikuussa ne paleltuivat, pisti ajattelemaan, tuleeko mustikkasatoa ollenkaan. Luonto on ihmeellinen. Samat varvut ty\u00f6nt\u00e4v\u00e4t nyt uusia lehti\u00e4 ja kukkanuput odottavat l\u00e4mpimi\u00e4 kelej\u00e4. Aurinkoisilla rinteill\u00e4 kev\u00e4\u00e4n paahde on kuivattanut varpuja, mutta varjossa ne voivat hyvin.\u00a0<\/em><\/span><\/p>\n<p><span style=\"color: #008000;\"><em>Kev\u00e4t on t\u00e4\u00e4ll\u00e4 H\u00e4meess\u00e4 hieman edell\u00e4 normaalia. Pellot ovat kuivuneet ja viljelij\u00e4t ovat saaneet kylv\u00f6t p\u00e4\u00e4asiassa tehty\u00e4. Puissa on lehdenalkuja ja jotkin pensaat ovat jo aivan vihreit\u00e4. Kukat ovat puhjenneet kukkaan ajallaan ja kukkia on riitt\u00e4nyt. Nyt kun on hieman viile\u00e4mp\u00e4\u00e4, niin kukinta on kest\u00e4nyt kauemmin ennen lakastumista. Leskenlehden kukat ovat jo menneet, voikukka aloittelee, vuokot ja imik\u00e4t ovat parhaassa vedossa.<\/em><\/span><\/p>\n<p><span style=\"color: #008000;\"><em>Mik\u00e4 sitten huolettaa? P\u00f6lytt\u00e4j\u00e4t ja linnut. Kovin v\u00e4h\u00e4n kuulee kimalaisen surinaa, kovin v\u00e4h\u00e4n on pihassa lennellyt perhosia ja kovin \u00e4\u00e4net\u00f6nt\u00e4 t\u00e4m\u00e4 kuulakas kev\u00e4ts\u00e4\u00e4 on ollut. Yleismaailmallisesti ollaan huolissaan p\u00f6lytt\u00e4j\u00e4hy\u00f6nteisten v\u00e4henemisest\u00e4. Puhutaan myrkkyjen vaikutuksesta. Roundup on saanut syyn p\u00e4\u00e4lleen. Kilvan yritet\u00e4\u00e4n todistaa, ettei tuosta glyfosaatti-valmisteesta ole haittaa luonnolle. Toiset tutkijat saavat sen hyvinkin myrkylliseksi. Mik\u00e4 on totuus? Taitaa olla niin kuin Korona-viruksessakin, emme tied\u00e4. Ehk\u00e4 kuitenkin pit\u00e4isi v\u00e4ltt\u00e4\u00e4 sen k\u00e4ytt\u00f6\u00e4 puutarhassa. Maataloudessa sen k\u00e4yt\u00f6n yht\u00e4kkinen lopettaminen ei varmaankaan onnistu. Jokin muu aine pit\u00e4isi saada torjunta-aineeksi tai sitten on siirrytt\u00e4v\u00e4 luonnonmukaiseen viljelyyn ja hyv\u00e4ksytt\u00e4v\u00e4 se, ett\u00e4 sadot ovat pienempi\u00e4.<\/em><\/span><\/p>\n<p><span style=\"color: #008000;\"><em>Miksi sitten lintuja tuntuu olevan v\u00e4hemm\u00e4n? Viimeisimm\u00e4n uhanalaisarvion mukaan lintujen ryhm\u00e4st\u00e4 l\u00f6ytyy prosentuaalisesti suurin m\u00e4\u00e4r\u00e4 uhanalaisia lajeja. Peltolinnut ovat v\u00e4hentyneet, vesilinnut samoin, kanalinnut ovat k\u00e4rsineet jo kauan. Nyt my\u00f6s mets\u00e4lintuja alkaa olla v\u00e4hemm\u00e4n. Suora yhteys voisi olla hy\u00f6nteisiin, lintujen ravintoon, mutta kun kato ei koske pelk\u00e4st\u00e4\u00e4n hy\u00f6nteissy\u00f6ji\u00e4. Katselen ikkunasta ulos pellolle, jossa kulkee yksin\u00e4inen kurki ja nokkii peitattua siement\u00e4 kylv\u00f6kselt\u00e4. Aikaisemmin siin\u00e4 oli parvi naakkoja samassa puuhassa. Onko se niille terveellist\u00e4? Kurjen puoliso on j\u00e4\u00e4nyt matkalle, naakat ovat lis\u00e4\u00e4ntyneet. Sielt\u00e4 kuitenkin puuttuvat muutaman kymmenen vuoden takaiset kuovit, hyyp\u00e4t, kiurut ja peltosirkut. Kivitaskuakaan ei ole n\u00e4kynyt en\u00e4\u00e4 vuosiin. Onko kyseess\u00e4 vain normaali kannanvaihtelu?\u00a0<\/em><\/span><\/p>\n<p><span style=\"color: #008000;\"><em>Kes\u00e4 tulee ja varmaankin t\u00e4m\u00e4 kev\u00e4tahdistus laimenee. Kes\u00e4ll\u00e4 on surinaa ja laulua, on vilin\u00e4\u00e4 ja vilskett\u00e4. Pihapiiriss\u00e4 vilist\u00e4\u00e4 milloin k\u00e4rpp\u00e4, milloin supikoira. Pellolla saalistaa kettu, mets\u00e4ss\u00e4 jaloista pyr\u00e4ht\u00e4\u00e4 kurppa tai kanalintu. Majava rakentaa patoa puroon ja min\u00e4 toppuuttelen sit\u00e4. Ainakin n\u00e4in toivon. Kes\u00e4 n\u00e4ytt\u00e4\u00e4 toteutuuko t\u00e4m\u00e4, vai onko kes\u00e4kin hiljainen ja el\u00e4m\u00e4n vilske v\u00e4h\u00e4ist\u00e4.&#8217;<a href=\"https:\/\/luopioistenkasvisto.fi\/blogi\/wp-content\/uploads\/2020\/05\/kurki.jpg\"><img loading=\"lazy\" decoding=\"async\" class=\"aligncenter size-large wp-image-6417\" src=\"https:\/\/luopioistenkasvisto.fi\/blogi\/wp-content\/uploads\/2020\/05\/kurki-1024x575.jpg\" alt=\"\" width=\"584\" height=\"328\" srcset=\"https:\/\/luopioistenkasvisto.fi\/blogi\/wp-content\/uploads\/2020\/05\/kurki-1024x575.jpg 1024w, https:\/\/luopioistenkasvisto.fi\/blogi\/wp-content\/uploads\/2020\/05\/kurki-300x169.jpg 300w, https:\/\/luopioistenkasvisto.fi\/blogi\/wp-content\/uploads\/2020\/05\/kurki-768x432.jpg 768w, https:\/\/luopioistenkasvisto.fi\/blogi\/wp-content\/uploads\/2020\/05\/kurki-1536x863.jpg 1536w, https:\/\/luopioistenkasvisto.fi\/blogi\/wp-content\/uploads\/2020\/05\/kurki-500x281.jpg 500w, https:\/\/luopioistenkasvisto.fi\/blogi\/wp-content\/uploads\/2020\/05\/kurki.jpg 1655w\" sizes=\"auto, (max-width: 584px) 100vw, 584px\" \/><\/a><\/em><\/span><\/p>\n","protected":false},"excerpt":{"rendered":"<p>&#8217;Paluu talvettoman talven j\u00e4lkeen kes\u00e4kotiin n\u00e4in korona-aikaan ei ollut ihan kivuton. Ajatuksissa viipyi miete, kuinka luonto on selviytynyt talvesta ja kuinka me\u00a0t\u00e4\u00e4ll\u00e4 p\u00e4rj\u00e4\u00e4mme. Ihminen tulee araksi, kun se joutuu koko ajan pohtimaan tekemisi\u00e4\u00e4n ja olemistaan. Kaupungissa viruksen vaarat ja el\u00e4minen &hellip; <a href=\"https:\/\/luopioistenkasvisto.fi\/blogi\/?p=6414\">Lue loppuun <span class=\"meta-nav\">&rarr;<\/span><\/a><\/p>\n","protected":false},"author":1,"featured_media":0,"comment_status":"open","ping_status":"open","sticky":false,"template":"","format":"standard","meta":{"iawp_total_views":1,"footnotes":""},"categories":[631],"tags":[317,95,732],"class_list":["post-6414","post","type-post","status-publish","format-standard","hentry","category-ymparisto","tag-hyonteiset","tag-kevat","tag-vaheneminen"],"_links":{"self":[{"href":"https:\/\/luopioistenkasvisto.fi\/blogi\/index.php?rest_route=\/wp\/v2\/posts\/6414","targetHints":{"allow":["GET"]}}],"collection":[{"href":"https:\/\/luopioistenkasvisto.fi\/blogi\/index.php?rest_route=\/wp\/v2\/posts"}],"about":[{"href":"https:\/\/luopioistenkasvisto.fi\/blogi\/index.php?rest_route=\/wp\/v2\/types\/post"}],"author":[{"embeddable":true,"href":"https:\/\/luopioistenkasvisto.fi\/blogi\/index.php?rest_route=\/wp\/v2\/users\/1"}],"replies":[{"embeddable":true,"href":"https:\/\/luopioistenkasvisto.fi\/blogi\/index.php?rest_route=%2Fwp%2Fv2%2Fcomments&post=6414"}],"version-history":[{"count":3,"href":"https:\/\/luopioistenkasvisto.fi\/blogi\/index.php?rest_route=\/wp\/v2\/posts\/6414\/revisions"}],"predecessor-version":[{"id":6428,"href":"https:\/\/luopioistenkasvisto.fi\/blogi\/index.php?rest_route=\/wp\/v2\/posts\/6414\/revisions\/6428"}],"wp:attachment":[{"href":"https:\/\/luopioistenkasvisto.fi\/blogi\/index.php?rest_route=%2Fwp%2Fv2%2Fmedia&parent=6414"}],"wp:term":[{"taxonomy":"category","embeddable":true,"href":"https:\/\/luopioistenkasvisto.fi\/blogi\/index.php?rest_route=%2Fwp%2Fv2%2Fcategories&post=6414"},{"taxonomy":"post_tag","embeddable":true,"href":"https:\/\/luopioistenkasvisto.fi\/blogi\/index.php?rest_route=%2Fwp%2Fv2%2Ftags&post=6414"}],"curies":[{"name":"wp","href":"https:\/\/api.w.org\/{rel}","templated":true}]}}